{"id":81,"date":"2019-03-17T22:54:17","date_gmt":"2019-03-17T21:54:17","guid":{"rendered":"https:\/\/plateaulachaud.fr\/?p=81"},"modified":"2019-07-25T21:18:34","modified_gmt":"2019-07-25T19:18:34","slug":"lemprise-des-carriers","status":"publish","type":"post","link":"https:\/\/plateaulachaud.fr\/index.php\/2019\/03\/17\/lemprise-des-carriers\/","title":{"rendered":"L&#8217;emprise des carriers."},"content":{"rendered":"<p>Bonjour \u00e0 toutes et \u00e0 tous.<\/p>\n<p>On aper\u00e7oit sur l&rsquo;image d&rsquo;illustration :<\/p>\n<ul>\n<li>0.384 km\u00b2 (soit pr\u00e8s de 40 hectares) c&rsquo;est l&#8217;emprise de la <em>petite<\/em> carri\u00e8re actuelle.<\/li>\n<li>1.46 km\u00b2 (soit pr\u00e8s de 150 hectares) c&rsquo;est la surface que convoitent au moins\u00a0deux soci\u00e9t\u00e9s d&rsquo;exploitation de carri\u00e8re pour cr\u00e9er une nouvelle carri\u00e8re gigantesque.<\/li>\n<\/ul>\n<p>Ce sont 150 hectares sauvages et pr\u00e9serv\u00e9s, aux portes de nos maisons, qui vont dispara\u00eetre et se transformer en un enfer de poussi\u00e8re, de bruits et de roches.<\/p>\n<p>Ce sont 150 hectares qui vont \u00eatre livr\u00e9s aux explosifs, aux camions et aux engins de chantier pour les 30 \u00e0 100 prochaines ann\u00e9es.<\/p>\n<p>Ce sont 150 hectares qui serviront de d\u00e9charge pour des mat\u00e9riaux de toute sorte \u00e0 la fin de l&rsquo;exploitation du site.<\/p>\n<p>Nous devons nous opposer \u00e0 ce projet.<\/p>\n<p>Rejoignez-nous et faisons front. Tous les d\u00e9tails pour faire partie de notre association ou nous soutenir :\u00a0<a href=\"https:\/\/plateaulachaud.fr\/index.php\/2019\/03\/17\/nous-rejoindre\/\" target=\"_blank\" rel=\"noopener noreferrer\">Nous rejoindre !<\/a><\/p>\n<blockquote>\n<p style=\"font-size: 11px;\">Capture d&rsquo;\u00e9cran geoportail \u2014 <span class=\"int-own-work\" lang=\"fr\">\u00a9 IGN<\/span>, <a title=\"geoportail\" href=\"https:\/\/www.geoportail.gouv.fr\/\">G\u00e9oportail par l&rsquo;IGN<\/a><\/p>\n<p><img data-recalc-dims=\"1\" loading=\"lazy\" decoding=\"async\" class=\"alignnone size-small wp-image-110\" src=\"https:\/\/i0.wp.com\/plateaulachaud.fr\/wp-content\/uploads\/2019\/03\/langfr-217px-Logo_G%C3%A9oportail_2016.svg_.png?resize=217%2C48&#038;ssl=1\" alt=\"\" width=\"217\" height=\"48\" \/><\/p>\n<p><img data-recalc-dims=\"1\" loading=\"lazy\" decoding=\"async\" class=\"alignnone size-small wp-image-111\" src=\"https:\/\/i0.wp.com\/plateaulachaud.fr\/wp-content\/uploads\/2019\/03\/logoIGN.png?resize=94%2C100&#038;ssl=1\" alt=\"\" width=\"94\" height=\"100\" \/><\/p><\/blockquote>\n","protected":false},"excerpt":{"rendered":"<p>Bonjour \u00e0 toutes et \u00e0 tous. On aper\u00e7oit sur l&rsquo;image d&rsquo;illustration : 0.384 km\u00b2 (soit pr\u00e8s de 40 hectares) c&rsquo;est l&#8217;emprise de la petite carri\u00e8re actuelle. 1.46 km\u00b2 (soit pr\u00e8s de 150 hectares) c&rsquo;est la surface que convoitent au moins\u00a0deux soci\u00e9t\u00e9s d&rsquo;exploitation de carri\u00e8re pour cr\u00e9er une nouvelle carri\u00e8re gigantesque. Ce sont 150 hectares sauvages et pr\u00e9serv\u00e9s, aux portes de nos maisons, qui vont dispara\u00eetre et se transformer en un enfer de poussi\u00e8re, de bruits et de roches. Ce sont&#8230;<\/p>\n<p class=\"read-more\"><a class=\"btn btn-default\" href=\"https:\/\/plateaulachaud.fr\/index.php\/2019\/03\/17\/lemprise-des-carriers\/\">Lire la suite<span class=\"screen-reader-text\"> Lire la suite<\/span><\/a><\/p>\n","protected":false},"author":1,"featured_media":77,"comment_status":"closed","ping_status":"open","sticky":false,"template":"","format":"standard","meta":{"_jetpack_memberships_contains_paid_content":false,"footnotes":""},"categories":[2,3],"tags":[7,19,6,18,10,9,25,21,11,24,22,23,20],"class_list":["post-81","post","type-post","status-publish","format-standard","has-post-thumbnail","hentry","category-informations","category-projet","tag-association","tag-basalte","tag-carriere","tag-chateaugay","tag-ecologie","tag-economie","tag-lachaud","tag-non","tag-paysage","tag-plateau","tag-preserver","tag-preservons","tag-roche-dure"],"yoast_head":"<!-- This site is optimized with the Yoast SEO plugin v27.5 - https:\/\/yoast.com\/product\/yoast-seo-wordpress\/ -->\n<title>L&#039;emprise des carriers. - Pr\u00e9servons le plateau de Lachaud et Ch\u00e2teaugay<\/title>\n<meta name=\"robots\" content=\"index, follow, max-snippet:-1, max-image-preview:large, max-video-preview:-1\" \/>\n<link rel=\"canonical\" href=\"https:\/\/plateaulachaud.fr\/index.php\/2019\/03\/17\/lemprise-des-carriers\/\" \/>\n<meta property=\"og:locale\" content=\"fr_FR\" \/>\n<meta property=\"og:type\" content=\"article\" \/>\n<meta property=\"og:title\" content=\"L&#039;emprise des carriers. - Pr\u00e9servons le plateau de Lachaud et Ch\u00e2teaugay\" \/>\n<meta property=\"og:description\" content=\"Bonjour \u00e0 toutes et \u00e0 tous. On aper\u00e7oit sur l&rsquo;image d&rsquo;illustration : 0.384 km\u00b2 (soit pr\u00e8s de 40 hectares) c&rsquo;est l&#8217;emprise de la petite carri\u00e8re actuelle. 1.46 km\u00b2 (soit pr\u00e8s de 150 hectares) c&rsquo;est la surface que convoitent au moins\u00a0deux soci\u00e9t\u00e9s d&rsquo;exploitation de carri\u00e8re pour cr\u00e9er une nouvelle carri\u00e8re gigantesque. Ce sont 150 hectares sauvages et pr\u00e9serv\u00e9s, aux portes de nos maisons, qui vont dispara\u00eetre et se transformer en un enfer de poussi\u00e8re, de bruits et de roches. Ce sont...Lire la suite Lire la suite\" \/>\n<meta property=\"og:url\" content=\"https:\/\/plateaulachaud.fr\/index.php\/2019\/03\/17\/lemprise-des-carriers\/\" \/>\n<meta property=\"og:site_name\" content=\"Pr\u00e9servons le plateau de Lachaud et Ch\u00e2teaugay\" \/>\n<meta property=\"article:published_time\" content=\"2019-03-17T21:54:17+00:00\" \/>\n<meta property=\"article:modified_time\" content=\"2019-07-25T19:18:34+00:00\" \/>\n<meta property=\"og:image\" content=\"https:\/\/i0.wp.com\/plateaulachaud.fr\/wp-content\/uploads\/2019\/03\/Emprise-carriere-actuelle-et-projet.png?fit=1035%2C630&ssl=1\" \/>\n\t<meta property=\"og:image:width\" content=\"1035\" \/>\n\t<meta property=\"og:image:height\" content=\"630\" \/>\n\t<meta property=\"og:image:type\" content=\"image\/png\" \/>\n<meta name=\"author\" content=\"Plateau Lachaud Chateaugay\" \/>\n<meta name=\"twitter:card\" content=\"summary_large_image\" \/>\n<meta name=\"twitter:label1\" content=\"\u00c9crit par\" \/>\n\t<meta name=\"twitter:data1\" content=\"Plateau Lachaud Chateaugay\" \/>\n\t<meta name=\"twitter:label2\" content=\"Dur\u00e9e de lecture estim\u00e9e\" \/>\n\t<meta name=\"twitter:data2\" content=\"1 minute\" \/>\n<script type=\"application\/ld+json\" class=\"yoast-schema-graph\">{\"@context\":\"https:\\\/\\\/schema.org\",\"@graph\":[{\"@type\":\"Article\",\"@id\":\"https:\\\/\\\/plateaulachaud.fr\\\/index.php\\\/2019\\\/03\\\/17\\\/lemprise-des-carriers\\\/#article\",\"isPartOf\":{\"@id\":\"https:\\\/\\\/plateaulachaud.fr\\\/index.php\\\/2019\\\/03\\\/17\\\/lemprise-des-carriers\\\/\"},\"author\":{\"name\":\"Plateau Lachaud Chateaugay\",\"@id\":\"https:\\\/\\\/plateaulachaud.fr\\\/#\\\/schema\\\/person\\\/013b3519bbc672f4c8b9fe394232c1b2\"},\"headline\":\"L&#8217;emprise des carriers.\",\"datePublished\":\"2019-03-17T21:54:17+00:00\",\"dateModified\":\"2019-07-25T19:18:34+00:00\",\"mainEntityOfPage\":{\"@id\":\"https:\\\/\\\/plateaulachaud.fr\\\/index.php\\\/2019\\\/03\\\/17\\\/lemprise-des-carriers\\\/\"},\"wordCount\":173,\"publisher\":{\"@id\":\"https:\\\/\\\/plateaulachaud.fr\\\/#organization\"},\"image\":{\"@id\":\"https:\\\/\\\/plateaulachaud.fr\\\/index.php\\\/2019\\\/03\\\/17\\\/lemprise-des-carriers\\\/#primaryimage\"},\"thumbnailUrl\":\"https:\\\/\\\/i0.wp.com\\\/plateaulachaud.fr\\\/wp-content\\\/uploads\\\/2019\\\/03\\\/Emprise-carriere-actuelle-et-projet.png?fit=1035%2C630&ssl=1\",\"keywords\":[\"association\",\"basalte\",\"carri\u00e8re\",\"Chateaugay\",\"\u00e9cologie\",\"\u00e9conomie\",\"Lachaud\",\"non\",\"paysage\",\"plateau\",\"pr\u00e9server\",\"pr\u00e9servons\",\"roche dure\"],\"articleSection\":[\"informations\",\"projet\"],\"inLanguage\":\"fr-FR\"},{\"@type\":\"WebPage\",\"@id\":\"https:\\\/\\\/plateaulachaud.fr\\\/index.php\\\/2019\\\/03\\\/17\\\/lemprise-des-carriers\\\/\",\"url\":\"https:\\\/\\\/plateaulachaud.fr\\\/index.php\\\/2019\\\/03\\\/17\\\/lemprise-des-carriers\\\/\",\"name\":\"L'emprise des carriers. - Pr\u00e9servons le plateau de Lachaud et Ch\u00e2teaugay\",\"isPartOf\":{\"@id\":\"https:\\\/\\\/plateaulachaud.fr\\\/#website\"},\"primaryImageOfPage\":{\"@id\":\"https:\\\/\\\/plateaulachaud.fr\\\/index.php\\\/2019\\\/03\\\/17\\\/lemprise-des-carriers\\\/#primaryimage\"},\"image\":{\"@id\":\"https:\\\/\\\/plateaulachaud.fr\\\/index.php\\\/2019\\\/03\\\/17\\\/lemprise-des-carriers\\\/#primaryimage\"},\"thumbnailUrl\":\"https:\\\/\\\/i0.wp.com\\\/plateaulachaud.fr\\\/wp-content\\\/uploads\\\/2019\\\/03\\\/Emprise-carriere-actuelle-et-projet.png?fit=1035%2C630&ssl=1\",\"datePublished\":\"2019-03-17T21:54:17+00:00\",\"dateModified\":\"2019-07-25T19:18:34+00:00\",\"breadcrumb\":{\"@id\":\"https:\\\/\\\/plateaulachaud.fr\\\/index.php\\\/2019\\\/03\\\/17\\\/lemprise-des-carriers\\\/#breadcrumb\"},\"inLanguage\":\"fr-FR\",\"potentialAction\":[{\"@type\":\"ReadAction\",\"target\":[\"https:\\\/\\\/plateaulachaud.fr\\\/index.php\\\/2019\\\/03\\\/17\\\/lemprise-des-carriers\\\/\"]}]},{\"@type\":\"ImageObject\",\"inLanguage\":\"fr-FR\",\"@id\":\"https:\\\/\\\/plateaulachaud.fr\\\/index.php\\\/2019\\\/03\\\/17\\\/lemprise-des-carriers\\\/#primaryimage\",\"url\":\"https:\\\/\\\/i0.wp.com\\\/plateaulachaud.fr\\\/wp-content\\\/uploads\\\/2019\\\/03\\\/Emprise-carriere-actuelle-et-projet.png?fit=1035%2C630&ssl=1\",\"contentUrl\":\"https:\\\/\\\/i0.wp.com\\\/plateaulachaud.fr\\\/wp-content\\\/uploads\\\/2019\\\/03\\\/Emprise-carriere-actuelle-et-projet.png?fit=1035%2C630&ssl=1\",\"width\":1035,\"height\":630,\"caption\":\"l'emprise des carriers.\"},{\"@type\":\"BreadcrumbList\",\"@id\":\"https:\\\/\\\/plateaulachaud.fr\\\/index.php\\\/2019\\\/03\\\/17\\\/lemprise-des-carriers\\\/#breadcrumb\",\"itemListElement\":[{\"@type\":\"ListItem\",\"position\":1,\"name\":\"Accueil\",\"item\":\"https:\\\/\\\/plateaulachaud.fr\\\/\"},{\"@type\":\"ListItem\",\"position\":2,\"name\":\"L&#8217;emprise des carriers.\"}]},{\"@type\":\"WebSite\",\"@id\":\"https:\\\/\\\/plateaulachaud.fr\\\/#website\",\"url\":\"https:\\\/\\\/plateaulachaud.fr\\\/\",\"name\":\"Pr\u00e9servons le plateau de Lachaud et Ch\u00e2teaugay\",\"description\":\"Non \u00e0 une nouvelle carri\u00e8re.\",\"publisher\":{\"@id\":\"https:\\\/\\\/plateaulachaud.fr\\\/#organization\"},\"potentialAction\":[{\"@type\":\"SearchAction\",\"target\":{\"@type\":\"EntryPoint\",\"urlTemplate\":\"https:\\\/\\\/plateaulachaud.fr\\\/?s={search_term_string}\"},\"query-input\":{\"@type\":\"PropertyValueSpecification\",\"valueRequired\":true,\"valueName\":\"search_term_string\"}}],\"inLanguage\":\"fr-FR\"},{\"@type\":\"Organization\",\"@id\":\"https:\\\/\\\/plateaulachaud.fr\\\/#organization\",\"name\":\"Pr\u00e9servons le Plateau de Lachaud et Ch\u00e2teaugay\",\"url\":\"https:\\\/\\\/plateaulachaud.fr\\\/\",\"logo\":{\"@type\":\"ImageObject\",\"inLanguage\":\"fr-FR\",\"@id\":\"https:\\\/\\\/plateaulachaud.fr\\\/#\\\/schema\\\/logo\\\/image\\\/\",\"url\":\"https:\\\/\\\/i2.wp.com\\\/plateaulachaud.fr\\\/wp-content\\\/uploads\\\/2019\\\/09\\\/Plateau-arc-en-ciel-PANO.jpg?fit=6235%2C1606&ssl=1\",\"contentUrl\":\"https:\\\/\\\/i2.wp.com\\\/plateaulachaud.fr\\\/wp-content\\\/uploads\\\/2019\\\/09\\\/Plateau-arc-en-ciel-PANO.jpg?fit=6235%2C1606&ssl=1\",\"width\":6235,\"height\":1606,\"caption\":\"Pr\u00e9servons le Plateau de Lachaud et Ch\u00e2teaugay\"},\"image\":{\"@id\":\"https:\\\/\\\/plateaulachaud.fr\\\/#\\\/schema\\\/logo\\\/image\\\/\"}},{\"@type\":\"Person\",\"@id\":\"https:\\\/\\\/plateaulachaud.fr\\\/#\\\/schema\\\/person\\\/013b3519bbc672f4c8b9fe394232c1b2\",\"name\":\"Plateau Lachaud Chateaugay\",\"image\":{\"@type\":\"ImageObject\",\"inLanguage\":\"fr-FR\",\"@id\":\"https:\\\/\\\/secure.gravatar.com\\\/avatar\\\/bed4b70c9efab4b41409d924840dcfe309085d1c7dc8c0cf8c390f6538e41baa?s=96&d=mm&r=g\",\"url\":\"https:\\\/\\\/secure.gravatar.com\\\/avatar\\\/bed4b70c9efab4b41409d924840dcfe309085d1c7dc8c0cf8c390f6538e41baa?s=96&d=mm&r=g\",\"contentUrl\":\"https:\\\/\\\/secure.gravatar.com\\\/avatar\\\/bed4b70c9efab4b41409d924840dcfe309085d1c7dc8c0cf8c390f6538e41baa?s=96&d=mm&r=g\",\"caption\":\"Plateau Lachaud Chateaugay\"}}]}<\/script>\n<!-- \/ Yoast SEO plugin. -->","yoast_head_json":{"title":"L'emprise des carriers. - Pr\u00e9servons le plateau de Lachaud et Ch\u00e2teaugay","robots":{"index":"index","follow":"follow","max-snippet":"max-snippet:-1","max-image-preview":"max-image-preview:large","max-video-preview":"max-video-preview:-1"},"canonical":"https:\/\/plateaulachaud.fr\/index.php\/2019\/03\/17\/lemprise-des-carriers\/","og_locale":"fr_FR","og_type":"article","og_title":"L'emprise des carriers. - Pr\u00e9servons le plateau de Lachaud et Ch\u00e2teaugay","og_description":"Bonjour \u00e0 toutes et \u00e0 tous. On aper\u00e7oit sur l&rsquo;image d&rsquo;illustration : 0.384 km\u00b2 (soit pr\u00e8s de 40 hectares) c&rsquo;est l&#8217;emprise de la petite carri\u00e8re actuelle. 1.46 km\u00b2 (soit pr\u00e8s de 150 hectares) c&rsquo;est la surface que convoitent au moins\u00a0deux soci\u00e9t\u00e9s d&rsquo;exploitation de carri\u00e8re pour cr\u00e9er une nouvelle carri\u00e8re gigantesque. Ce sont 150 hectares sauvages et pr\u00e9serv\u00e9s, aux portes de nos maisons, qui vont dispara\u00eetre et se transformer en un enfer de poussi\u00e8re, de bruits et de roches. Ce sont...Lire la suite Lire la suite","og_url":"https:\/\/plateaulachaud.fr\/index.php\/2019\/03\/17\/lemprise-des-carriers\/","og_site_name":"Pr\u00e9servons le plateau de Lachaud et Ch\u00e2teaugay","article_published_time":"2019-03-17T21:54:17+00:00","article_modified_time":"2019-07-25T19:18:34+00:00","og_image":[{"width":1035,"height":630,"url":"https:\/\/i0.wp.com\/plateaulachaud.fr\/wp-content\/uploads\/2019\/03\/Emprise-carriere-actuelle-et-projet.png?fit=1035%2C630&ssl=1","type":"image\/png"}],"author":"Plateau Lachaud Chateaugay","twitter_card":"summary_large_image","twitter_misc":{"\u00c9crit par":"Plateau Lachaud Chateaugay","Dur\u00e9e de lecture estim\u00e9e":"1 minute"},"schema":{"@context":"https:\/\/schema.org","@graph":[{"@type":"Article","@id":"https:\/\/plateaulachaud.fr\/index.php\/2019\/03\/17\/lemprise-des-carriers\/#article","isPartOf":{"@id":"https:\/\/plateaulachaud.fr\/index.php\/2019\/03\/17\/lemprise-des-carriers\/"},"author":{"name":"Plateau Lachaud Chateaugay","@id":"https:\/\/plateaulachaud.fr\/#\/schema\/person\/013b3519bbc672f4c8b9fe394232c1b2"},"headline":"L&#8217;emprise des carriers.","datePublished":"2019-03-17T21:54:17+00:00","dateModified":"2019-07-25T19:18:34+00:00","mainEntityOfPage":{"@id":"https:\/\/plateaulachaud.fr\/index.php\/2019\/03\/17\/lemprise-des-carriers\/"},"wordCount":173,"publisher":{"@id":"https:\/\/plateaulachaud.fr\/#organization"},"image":{"@id":"https:\/\/plateaulachaud.fr\/index.php\/2019\/03\/17\/lemprise-des-carriers\/#primaryimage"},"thumbnailUrl":"https:\/\/i0.wp.com\/plateaulachaud.fr\/wp-content\/uploads\/2019\/03\/Emprise-carriere-actuelle-et-projet.png?fit=1035%2C630&ssl=1","keywords":["association","basalte","carri\u00e8re","Chateaugay","\u00e9cologie","\u00e9conomie","Lachaud","non","paysage","plateau","pr\u00e9server","pr\u00e9servons","roche dure"],"articleSection":["informations","projet"],"inLanguage":"fr-FR"},{"@type":"WebPage","@id":"https:\/\/plateaulachaud.fr\/index.php\/2019\/03\/17\/lemprise-des-carriers\/","url":"https:\/\/plateaulachaud.fr\/index.php\/2019\/03\/17\/lemprise-des-carriers\/","name":"L'emprise des carriers. - Pr\u00e9servons le plateau de Lachaud et Ch\u00e2teaugay","isPartOf":{"@id":"https:\/\/plateaulachaud.fr\/#website"},"primaryImageOfPage":{"@id":"https:\/\/plateaulachaud.fr\/index.php\/2019\/03\/17\/lemprise-des-carriers\/#primaryimage"},"image":{"@id":"https:\/\/plateaulachaud.fr\/index.php\/2019\/03\/17\/lemprise-des-carriers\/#primaryimage"},"thumbnailUrl":"https:\/\/i0.wp.com\/plateaulachaud.fr\/wp-content\/uploads\/2019\/03\/Emprise-carriere-actuelle-et-projet.png?fit=1035%2C630&ssl=1","datePublished":"2019-03-17T21:54:17+00:00","dateModified":"2019-07-25T19:18:34+00:00","breadcrumb":{"@id":"https:\/\/plateaulachaud.fr\/index.php\/2019\/03\/17\/lemprise-des-carriers\/#breadcrumb"},"inLanguage":"fr-FR","potentialAction":[{"@type":"ReadAction","target":["https:\/\/plateaulachaud.fr\/index.php\/2019\/03\/17\/lemprise-des-carriers\/"]}]},{"@type":"ImageObject","inLanguage":"fr-FR","@id":"https:\/\/plateaulachaud.fr\/index.php\/2019\/03\/17\/lemprise-des-carriers\/#primaryimage","url":"https:\/\/i0.wp.com\/plateaulachaud.fr\/wp-content\/uploads\/2019\/03\/Emprise-carriere-actuelle-et-projet.png?fit=1035%2C630&ssl=1","contentUrl":"https:\/\/i0.wp.com\/plateaulachaud.fr\/wp-content\/uploads\/2019\/03\/Emprise-carriere-actuelle-et-projet.png?fit=1035%2C630&ssl=1","width":1035,"height":630,"caption":"l'emprise des carriers."},{"@type":"BreadcrumbList","@id":"https:\/\/plateaulachaud.fr\/index.php\/2019\/03\/17\/lemprise-des-carriers\/#breadcrumb","itemListElement":[{"@type":"ListItem","position":1,"name":"Accueil","item":"https:\/\/plateaulachaud.fr\/"},{"@type":"ListItem","position":2,"name":"L&#8217;emprise des carriers."}]},{"@type":"WebSite","@id":"https:\/\/plateaulachaud.fr\/#website","url":"https:\/\/plateaulachaud.fr\/","name":"Pr\u00e9servons le plateau de Lachaud et Ch\u00e2teaugay","description":"Non \u00e0 une nouvelle carri\u00e8re.","publisher":{"@id":"https:\/\/plateaulachaud.fr\/#organization"},"potentialAction":[{"@type":"SearchAction","target":{"@type":"EntryPoint","urlTemplate":"https:\/\/plateaulachaud.fr\/?s={search_term_string}"},"query-input":{"@type":"PropertyValueSpecification","valueRequired":true,"valueName":"search_term_string"}}],"inLanguage":"fr-FR"},{"@type":"Organization","@id":"https:\/\/plateaulachaud.fr\/#organization","name":"Pr\u00e9servons le Plateau de Lachaud et Ch\u00e2teaugay","url":"https:\/\/plateaulachaud.fr\/","logo":{"@type":"ImageObject","inLanguage":"fr-FR","@id":"https:\/\/plateaulachaud.fr\/#\/schema\/logo\/image\/","url":"https:\/\/i2.wp.com\/plateaulachaud.fr\/wp-content\/uploads\/2019\/09\/Plateau-arc-en-ciel-PANO.jpg?fit=6235%2C1606&ssl=1","contentUrl":"https:\/\/i2.wp.com\/plateaulachaud.fr\/wp-content\/uploads\/2019\/09\/Plateau-arc-en-ciel-PANO.jpg?fit=6235%2C1606&ssl=1","width":6235,"height":1606,"caption":"Pr\u00e9servons le Plateau de Lachaud et Ch\u00e2teaugay"},"image":{"@id":"https:\/\/plateaulachaud.fr\/#\/schema\/logo\/image\/"}},{"@type":"Person","@id":"https:\/\/plateaulachaud.fr\/#\/schema\/person\/013b3519bbc672f4c8b9fe394232c1b2","name":"Plateau Lachaud Chateaugay","image":{"@type":"ImageObject","inLanguage":"fr-FR","@id":"https:\/\/secure.gravatar.com\/avatar\/bed4b70c9efab4b41409d924840dcfe309085d1c7dc8c0cf8c390f6538e41baa?s=96&d=mm&r=g","url":"https:\/\/secure.gravatar.com\/avatar\/bed4b70c9efab4b41409d924840dcfe309085d1c7dc8c0cf8c390f6538e41baa?s=96&d=mm&r=g","contentUrl":"https:\/\/secure.gravatar.com\/avatar\/bed4b70c9efab4b41409d924840dcfe309085d1c7dc8c0cf8c390f6538e41baa?s=96&d=mm&r=g","caption":"Plateau Lachaud Chateaugay"}}]}},"jetpack_featured_media_url":"https:\/\/i0.wp.com\/plateaulachaud.fr\/wp-content\/uploads\/2019\/03\/Emprise-carriere-actuelle-et-projet.png?fit=1035%2C630&ssl=1","jetpack_sharing_enabled":true,"_links":{"self":[{"href":"https:\/\/plateaulachaud.fr\/index.php\/wp-json\/wp\/v2\/posts\/81","targetHints":{"allow":["GET"]}}],"collection":[{"href":"https:\/\/plateaulachaud.fr\/index.php\/wp-json\/wp\/v2\/posts"}],"about":[{"href":"https:\/\/plateaulachaud.fr\/index.php\/wp-json\/wp\/v2\/types\/post"}],"author":[{"embeddable":true,"href":"https:\/\/plateaulachaud.fr\/index.php\/wp-json\/wp\/v2\/users\/1"}],"replies":[{"embeddable":true,"href":"https:\/\/plateaulachaud.fr\/index.php\/wp-json\/wp\/v2\/comments?post=81"}],"version-history":[{"count":9,"href":"https:\/\/plateaulachaud.fr\/index.php\/wp-json\/wp\/v2\/posts\/81\/revisions"}],"predecessor-version":[{"id":324,"href":"https:\/\/plateaulachaud.fr\/index.php\/wp-json\/wp\/v2\/posts\/81\/revisions\/324"}],"wp:featuredmedia":[{"embeddable":true,"href":"https:\/\/plateaulachaud.fr\/index.php\/wp-json\/wp\/v2\/media\/77"}],"wp:attachment":[{"href":"https:\/\/plateaulachaud.fr\/index.php\/wp-json\/wp\/v2\/media?parent=81"}],"wp:term":[{"taxonomy":"category","embeddable":true,"href":"https:\/\/plateaulachaud.fr\/index.php\/wp-json\/wp\/v2\/categories?post=81"},{"taxonomy":"post_tag","embeddable":true,"href":"https:\/\/plateaulachaud.fr\/index.php\/wp-json\/wp\/v2\/tags?post=81"}],"curies":[{"name":"wp","href":"https:\/\/api.w.org\/{rel}","templated":true}]}}