{"id":563,"date":"2019-10-03T20:12:28","date_gmt":"2019-10-03T18:12:28","guid":{"rendered":"https:\/\/plateaulachaud.fr\/?p=563"},"modified":"2019-10-31T08:46:03","modified_gmt":"2019-10-31T07:46:03","slug":"reunion-du-26-septembre-a-saint-genes-lenfant","status":"publish","type":"post","link":"https:\/\/plateaulachaud.fr\/index.php\/2019\/10\/03\/reunion-du-26-septembre-a-saint-genes-lenfant\/","title":{"rendered":"R\u00e9union du 26 septembre \u00e0 Saint Gen\u00e8s L&rsquo;Enfant"},"content":{"rendered":"\n<p>Bonjour \u00e0 toutes et \u00e0 tous.<\/p>\n\n\n\n<p>Vous \u00e9tiez nombreuses et nombreux \u00e0 vous \u00eatre d\u00e9plac\u00e9s le jeudi 26 septembre dans la salle polyvalente de <a href=\"https:\/\/fr.wikipedia.org\/wiki\/Malauzat\">Saint Gen\u00e8s L&rsquo;Enfant<\/a>. Et ce malgr\u00e9 des conditions non id\u00e9ales. En effet cette r\u00e9union \u00e9tait organis\u00e9e pour les Marsadaires, mais monsieur le maire de Marsat n&rsquo;a pas souhait\u00e9 que l&rsquo;association \u00ab\u00a0Pr\u00e9servons le Plateau de Lachaud\u00a0\u00bb puisse acc\u00e9der \u00e0 une salle de la commune.<\/p>\n\n\n\n<p>Vous avez pu suivre la pr\u00e9sentation pr\u00e9par\u00e9e par l&rsquo;association afin de vous informer sur les d\u00e9tails de ce projet de nouvelle carri\u00e8re sur le plateau de Lachaud. Projet situ\u00e9 donc litt\u00e9ralement au dessus de la t\u00eate des Marsadaires.<\/p>\n\n\n\n<p>Nous avons pu \u00e9changer sur les dimensions de ce projet industriel, sur les \u00e9tapes du processus. Et bien s\u00fbr de l&rsquo;ensemble des nuisances qui attendent aussi les habitants de Marsat : bruits, poussi\u00e8res, destruction de l&rsquo;environnement et aussi un gros risque autour de l&rsquo;hydrologie.<\/p>\n\n\n\n<figure class=\"wp-block-image\"><img data-recalc-dims=\"1\" loading=\"lazy\" decoding=\"async\" width=\"640\" height=\"468\" src=\"https:\/\/i0.wp.com\/plateaulachaud.fr\/wp-content\/uploads\/2019\/09\/CaptureSeptembreEmpriseLargeAnnotee-1.png?resize=640%2C468&#038;ssl=1\" alt=\"Emprise du projet de carri\u00e8re \u00e0 Ch\u00e2teaugay en septembre 2019\" class=\"wp-image-567\" srcset=\"https:\/\/i0.wp.com\/plateaulachaud.fr\/wp-content\/uploads\/2019\/09\/CaptureSeptembreEmpriseLargeAnnotee-1.png?w=867&amp;ssl=1 867w, https:\/\/i0.wp.com\/plateaulachaud.fr\/wp-content\/uploads\/2019\/09\/CaptureSeptembreEmpriseLargeAnnotee-1.png?resize=300%2C219&amp;ssl=1 300w, https:\/\/i0.wp.com\/plateaulachaud.fr\/wp-content\/uploads\/2019\/09\/CaptureSeptembreEmpriseLargeAnnotee-1.png?resize=768%2C562&amp;ssl=1 768w, https:\/\/i0.wp.com\/plateaulachaud.fr\/wp-content\/uploads\/2019\/09\/CaptureSeptembreEmpriseLargeAnnotee-1.png?resize=369%2C270&amp;ssl=1 369w\" sizes=\"auto, (max-width: 640px) 100vw, 640px\" \/><figcaption>Emprise du projet de carri\u00e8re \u00e0 Ch\u00e2teaugay en septembre 2019. En rouge les parcelles achet\u00e9es, conc\u00e9d\u00e9es ou appartenant \u00e0 des propri\u00e9taires favorables au projet.<\/figcaption><\/figure>\n\n\n\n<p>Merci \u00e0 toutes et \u00e0 tous pour votre soutien, vous avez \u00e9t\u00e9 nombreuses et nombreux \u00e0 adh\u00e9rer  \u00e0 l&rsquo;association ce soir l\u00e0, merci pour vos questions qui nous permettent d&rsquo;am\u00e9liorer notre discours et merci pour vos id\u00e9es. Et merci aussi pour les nombreux contacts que nous avons tiss\u00e9s ce soir l\u00e0.<\/p>\n\n\n\n<p>Le diaporama pr\u00e9sent\u00e9 est disponible au t\u00e9l\u00e9chargement ici m\u00eame :<\/p>\n\n\n\n<div class=\"wp-block-file\"><a href=\"https:\/\/plateaulachaud.fr\/wp-content\/uploads\/2019\/09\/Marsat-Pr\u00e9servons-le-plateau-de-Lachaud-et-Ch\u00e2teaugay-R\u00e9union-26-Septembre.pptx.pdf\">Marsat &#8211; Pr\u00e9servons le plateau de Lachaud et Ch\u00e2teaugay &#8211; R\u00e9union-26-Septembre.pptx<\/a><a href=\"https:\/\/plateaulachaud.fr\/wp-content\/uploads\/2019\/09\/Marsat-Pr\u00e9servons-le-plateau-de-Lachaud-et-Ch\u00e2teaugay-R\u00e9union-26-Septembre.pptx.pdf\" class=\"wp-block-file__button\" download>T\u00e9l\u00e9charger<\/a><\/div>\n\n\n\n<p>L&rsquo;association reviendra \u00e0 Marsat, c&rsquo;est certain. Dans de meilleures conditions pour rencontrer les Marsadaires et pr\u00e9senter tous les d\u00e9tails du projet de nouvelle carri\u00e8re \u00e0 Ch\u00e2teaugay.<\/p>\n\n\n\n<p>A tr\u00e8s bient\u00f4t.<\/p>\n\n\n\n<figure class=\"wp-block-image\"><img data-recalc-dims=\"1\" loading=\"lazy\" decoding=\"async\" width=\"640\" height=\"360\" src=\"https:\/\/i0.wp.com\/plateaulachaud.fr\/wp-content\/uploads\/2019\/09\/R%C3%A9union-26-septembre-2019-Marsat-3.jpg?resize=640%2C360&#038;ssl=1\" alt=\"La salle polyvalente de Saint Gen\u00e8s l'Enfant le 26 septembre 2019\" class=\"wp-image-564\" srcset=\"https:\/\/i0.wp.com\/plateaulachaud.fr\/wp-content\/uploads\/2019\/09\/R%C3%A9union-26-septembre-2019-Marsat-3.jpg?resize=1024%2C576&amp;ssl=1 1024w, https:\/\/i0.wp.com\/plateaulachaud.fr\/wp-content\/uploads\/2019\/09\/R%C3%A9union-26-septembre-2019-Marsat-3.jpg?resize=300%2C169&amp;ssl=1 300w, https:\/\/i0.wp.com\/plateaulachaud.fr\/wp-content\/uploads\/2019\/09\/R%C3%A9union-26-septembre-2019-Marsat-3.jpg?resize=768%2C432&amp;ssl=1 768w, https:\/\/i0.wp.com\/plateaulachaud.fr\/wp-content\/uploads\/2019\/09\/R%C3%A9union-26-septembre-2019-Marsat-3.jpg?resize=480%2C270&amp;ssl=1 480w, https:\/\/i0.wp.com\/plateaulachaud.fr\/wp-content\/uploads\/2019\/09\/R%C3%A9union-26-septembre-2019-Marsat-3.jpg?w=1280&amp;ssl=1 1280w, https:\/\/i0.wp.com\/plateaulachaud.fr\/wp-content\/uploads\/2019\/09\/R%C3%A9union-26-septembre-2019-Marsat-3.jpg?w=1920&amp;ssl=1 1920w\" sizes=\"auto, (max-width: 640px) 100vw, 640px\" \/><figcaption>La salle polyvalente de Saint Gen\u00e8s l&rsquo;Enfant le 26 septembre 2019. R\u00e9union 26 septembre 2019 &#8211; Marsat<\/figcaption><\/figure>\n","protected":false},"excerpt":{"rendered":"<p>Bonjour \u00e0 toutes et \u00e0 tous. Vous \u00e9tiez nombreuses et nombreux \u00e0 vous \u00eatre d\u00e9plac\u00e9s le jeudi 26 septembre dans la salle polyvalente de Saint Gen\u00e8s L&rsquo;Enfant. Et ce malgr\u00e9 des conditions non id\u00e9ales. En effet cette r\u00e9union \u00e9tait organis\u00e9e pour les Marsadaires, mais monsieur le maire de Marsat n&rsquo;a pas souhait\u00e9 que l&rsquo;association \u00ab\u00a0Pr\u00e9servons le Plateau de Lachaud\u00a0\u00bb puisse acc\u00e9der \u00e0 une salle de la commune. Vous avez pu suivre la pr\u00e9sentation pr\u00e9par\u00e9e par l&rsquo;association afin de vous informer&#8230;<\/p>\n<p class=\"read-more\"><a class=\"btn btn-default\" href=\"https:\/\/plateaulachaud.fr\/index.php\/2019\/10\/03\/reunion-du-26-septembre-a-saint-genes-lenfant\/\">Lire la suite<span class=\"screen-reader-text\"> Lire la suite<\/span><\/a><\/p>\n","protected":false},"author":1,"featured_media":562,"comment_status":"closed","ping_status":"open","sticky":false,"template":"","format":"standard","meta":{"_jetpack_memberships_contains_paid_content":false,"footnotes":""},"categories":[2,4],"tags":[6,46,41,43,26],"class_list":["post-563","post","type-post","status-publish","format-standard","has-post-thumbnail","hentry","category-informations","category-soutien","tag-carriere","tag-marsat","tag-nuisances","tag-poussiere","tag-reunion"],"yoast_head":"<!-- This site is optimized with the Yoast SEO plugin v27.5 - https:\/\/yoast.com\/product\/yoast-seo-wordpress\/ -->\n<title>R\u00e9union du 26\/09 \u00e0 Saint Gen\u00e8s L&#039;Enfant - Plateau Lachaud<\/title>\n<meta name=\"description\" content=\"Bilan de la r\u00e9union du 26 septembre \u00e0 Saint Gen\u00e8s L&#039;Enfant. Pr\u00e9sentation du projet de nouvelle carri\u00e8re \u00e0 Ch\u00e2teaugay. Pr\u00e9servons le plateau de Lachaud.\" \/>\n<meta name=\"robots\" content=\"index, follow, max-snippet:-1, max-image-preview:large, max-video-preview:-1\" \/>\n<link rel=\"canonical\" href=\"https:\/\/plateaulachaud.fr\/index.php\/2019\/10\/03\/reunion-du-26-septembre-a-saint-genes-lenfant\/\" \/>\n<meta property=\"og:locale\" content=\"fr_FR\" \/>\n<meta property=\"og:type\" content=\"article\" \/>\n<meta property=\"og:title\" content=\"R\u00e9union du 26\/09 \u00e0 Saint Gen\u00e8s L&#039;Enfant - Plateau Lachaud\" \/>\n<meta property=\"og:description\" content=\"Bilan de la r\u00e9union du 26 septembre \u00e0 Saint Gen\u00e8s L&#039;Enfant. Pr\u00e9sentation du projet de nouvelle carri\u00e8re \u00e0 Ch\u00e2teaugay. Pr\u00e9servons le plateau de Lachaud.\" \/>\n<meta property=\"og:url\" content=\"https:\/\/plateaulachaud.fr\/index.php\/2019\/10\/03\/reunion-du-26-septembre-a-saint-genes-lenfant\/\" \/>\n<meta property=\"og:site_name\" content=\"Pr\u00e9servons le plateau de Lachaud et Ch\u00e2teaugay\" \/>\n<meta property=\"article:published_time\" content=\"2019-10-03T18:12:28+00:00\" \/>\n<meta property=\"article:modified_time\" content=\"2019-10-31T07:46:03+00:00\" \/>\n<meta property=\"og:image\" content=\"https:\/\/plateaulachaud.fr\/wp-content\/uploads\/2019\/09\/R\u00e9union-26-septembre-2019-Marsat-5-1024x576.jpg\" \/>\n\t<meta property=\"og:image:width\" content=\"1024\" \/>\n\t<meta property=\"og:image:height\" content=\"576\" \/>\n\t<meta property=\"og:image:type\" content=\"image\/jpeg\" \/>\n<meta name=\"author\" content=\"Plateau Lachaud Chateaugay\" \/>\n<meta name=\"twitter:card\" content=\"summary_large_image\" \/>\n<meta name=\"twitter:label1\" content=\"\u00c9crit par\" \/>\n\t<meta name=\"twitter:data1\" content=\"Plateau Lachaud Chateaugay\" \/>\n\t<meta name=\"twitter:label2\" content=\"Dur\u00e9e de lecture estim\u00e9e\" \/>\n\t<meta name=\"twitter:data2\" content=\"2 minutes\" \/>\n<script type=\"application\/ld+json\" class=\"yoast-schema-graph\">{\"@context\":\"https:\\\/\\\/schema.org\",\"@graph\":[{\"@type\":\"Article\",\"@id\":\"https:\\\/\\\/plateaulachaud.fr\\\/index.php\\\/2019\\\/10\\\/03\\\/reunion-du-26-septembre-a-saint-genes-lenfant\\\/#article\",\"isPartOf\":{\"@id\":\"https:\\\/\\\/plateaulachaud.fr\\\/index.php\\\/2019\\\/10\\\/03\\\/reunion-du-26-septembre-a-saint-genes-lenfant\\\/\"},\"author\":{\"name\":\"Plateau Lachaud Chateaugay\",\"@id\":\"https:\\\/\\\/plateaulachaud.fr\\\/#\\\/schema\\\/person\\\/013b3519bbc672f4c8b9fe394232c1b2\"},\"headline\":\"R\u00e9union du 26 septembre \u00e0 Saint Gen\u00e8s L&rsquo;Enfant\",\"datePublished\":\"2019-10-03T18:12:28+00:00\",\"dateModified\":\"2019-10-31T07:46:03+00:00\",\"mainEntityOfPage\":{\"@id\":\"https:\\\/\\\/plateaulachaud.fr\\\/index.php\\\/2019\\\/10\\\/03\\\/reunion-du-26-septembre-a-saint-genes-lenfant\\\/\"},\"wordCount\":339,\"publisher\":{\"@id\":\"https:\\\/\\\/plateaulachaud.fr\\\/#organization\"},\"image\":{\"@id\":\"https:\\\/\\\/plateaulachaud.fr\\\/index.php\\\/2019\\\/10\\\/03\\\/reunion-du-26-septembre-a-saint-genes-lenfant\\\/#primaryimage\"},\"thumbnailUrl\":\"https:\\\/\\\/i0.wp.com\\\/plateaulachaud.fr\\\/wp-content\\\/uploads\\\/2019\\\/09\\\/R%C3%A9union-26-septembre-2019-Marsat-5.jpg?fit=4608%2C2592&ssl=1\",\"keywords\":[\"carri\u00e8re\",\"Marsat\",\"nuisances\",\"poussi\u00e8re\",\"r\u00e9union\"],\"articleSection\":[\"informations\",\"soutien\"],\"inLanguage\":\"fr-FR\"},{\"@type\":\"WebPage\",\"@id\":\"https:\\\/\\\/plateaulachaud.fr\\\/index.php\\\/2019\\\/10\\\/03\\\/reunion-du-26-septembre-a-saint-genes-lenfant\\\/\",\"url\":\"https:\\\/\\\/plateaulachaud.fr\\\/index.php\\\/2019\\\/10\\\/03\\\/reunion-du-26-septembre-a-saint-genes-lenfant\\\/\",\"name\":\"R\u00e9union du 26\\\/09 \u00e0 Saint Gen\u00e8s L'Enfant - Plateau Lachaud\",\"isPartOf\":{\"@id\":\"https:\\\/\\\/plateaulachaud.fr\\\/#website\"},\"primaryImageOfPage\":{\"@id\":\"https:\\\/\\\/plateaulachaud.fr\\\/index.php\\\/2019\\\/10\\\/03\\\/reunion-du-26-septembre-a-saint-genes-lenfant\\\/#primaryimage\"},\"image\":{\"@id\":\"https:\\\/\\\/plateaulachaud.fr\\\/index.php\\\/2019\\\/10\\\/03\\\/reunion-du-26-septembre-a-saint-genes-lenfant\\\/#primaryimage\"},\"thumbnailUrl\":\"https:\\\/\\\/i0.wp.com\\\/plateaulachaud.fr\\\/wp-content\\\/uploads\\\/2019\\\/09\\\/R%C3%A9union-26-septembre-2019-Marsat-5.jpg?fit=4608%2C2592&ssl=1\",\"datePublished\":\"2019-10-03T18:12:28+00:00\",\"dateModified\":\"2019-10-31T07:46:03+00:00\",\"description\":\"Bilan de la r\u00e9union du 26 septembre \u00e0 Saint Gen\u00e8s L'Enfant. Pr\u00e9sentation du projet de nouvelle carri\u00e8re \u00e0 Ch\u00e2teaugay. Pr\u00e9servons le plateau de Lachaud.\",\"breadcrumb\":{\"@id\":\"https:\\\/\\\/plateaulachaud.fr\\\/index.php\\\/2019\\\/10\\\/03\\\/reunion-du-26-septembre-a-saint-genes-lenfant\\\/#breadcrumb\"},\"inLanguage\":\"fr-FR\",\"potentialAction\":[{\"@type\":\"ReadAction\",\"target\":[\"https:\\\/\\\/plateaulachaud.fr\\\/index.php\\\/2019\\\/10\\\/03\\\/reunion-du-26-septembre-a-saint-genes-lenfant\\\/\"]}]},{\"@type\":\"ImageObject\",\"inLanguage\":\"fr-FR\",\"@id\":\"https:\\\/\\\/plateaulachaud.fr\\\/index.php\\\/2019\\\/10\\\/03\\\/reunion-du-26-septembre-a-saint-genes-lenfant\\\/#primaryimage\",\"url\":\"https:\\\/\\\/i0.wp.com\\\/plateaulachaud.fr\\\/wp-content\\\/uploads\\\/2019\\\/09\\\/R%C3%A9union-26-septembre-2019-Marsat-5.jpg?fit=4608%2C2592&ssl=1\",\"contentUrl\":\"https:\\\/\\\/i0.wp.com\\\/plateaulachaud.fr\\\/wp-content\\\/uploads\\\/2019\\\/09\\\/R%C3%A9union-26-septembre-2019-Marsat-5.jpg?fit=4608%2C2592&ssl=1\",\"width\":4608,\"height\":2592,\"caption\":\"R\u00e9union 26 septembre 2019 - Marsat - Association Pr\u00e9servons le Plateau de Lachaud et Ch\u00e2teaugay\"},{\"@type\":\"BreadcrumbList\",\"@id\":\"https:\\\/\\\/plateaulachaud.fr\\\/index.php\\\/2019\\\/10\\\/03\\\/reunion-du-26-septembre-a-saint-genes-lenfant\\\/#breadcrumb\",\"itemListElement\":[{\"@type\":\"ListItem\",\"position\":1,\"name\":\"Accueil\",\"item\":\"https:\\\/\\\/plateaulachaud.fr\\\/\"},{\"@type\":\"ListItem\",\"position\":2,\"name\":\"R\u00e9union du 26 septembre \u00e0 Saint Gen\u00e8s L&rsquo;Enfant\"}]},{\"@type\":\"WebSite\",\"@id\":\"https:\\\/\\\/plateaulachaud.fr\\\/#website\",\"url\":\"https:\\\/\\\/plateaulachaud.fr\\\/\",\"name\":\"Pr\u00e9servons le plateau de Lachaud et Ch\u00e2teaugay\",\"description\":\"Non \u00e0 une nouvelle carri\u00e8re.\",\"publisher\":{\"@id\":\"https:\\\/\\\/plateaulachaud.fr\\\/#organization\"},\"potentialAction\":[{\"@type\":\"SearchAction\",\"target\":{\"@type\":\"EntryPoint\",\"urlTemplate\":\"https:\\\/\\\/plateaulachaud.fr\\\/?s={search_term_string}\"},\"query-input\":{\"@type\":\"PropertyValueSpecification\",\"valueRequired\":true,\"valueName\":\"search_term_string\"}}],\"inLanguage\":\"fr-FR\"},{\"@type\":\"Organization\",\"@id\":\"https:\\\/\\\/plateaulachaud.fr\\\/#organization\",\"name\":\"Pr\u00e9servons le Plateau de Lachaud et Ch\u00e2teaugay\",\"url\":\"https:\\\/\\\/plateaulachaud.fr\\\/\",\"logo\":{\"@type\":\"ImageObject\",\"inLanguage\":\"fr-FR\",\"@id\":\"https:\\\/\\\/plateaulachaud.fr\\\/#\\\/schema\\\/logo\\\/image\\\/\",\"url\":\"https:\\\/\\\/i2.wp.com\\\/plateaulachaud.fr\\\/wp-content\\\/uploads\\\/2019\\\/09\\\/Plateau-arc-en-ciel-PANO.jpg?fit=6235%2C1606&ssl=1\",\"contentUrl\":\"https:\\\/\\\/i2.wp.com\\\/plateaulachaud.fr\\\/wp-content\\\/uploads\\\/2019\\\/09\\\/Plateau-arc-en-ciel-PANO.jpg?fit=6235%2C1606&ssl=1\",\"width\":6235,\"height\":1606,\"caption\":\"Pr\u00e9servons le Plateau de Lachaud et Ch\u00e2teaugay\"},\"image\":{\"@id\":\"https:\\\/\\\/plateaulachaud.fr\\\/#\\\/schema\\\/logo\\\/image\\\/\"}},{\"@type\":\"Person\",\"@id\":\"https:\\\/\\\/plateaulachaud.fr\\\/#\\\/schema\\\/person\\\/013b3519bbc672f4c8b9fe394232c1b2\",\"name\":\"Plateau Lachaud Chateaugay\",\"image\":{\"@type\":\"ImageObject\",\"inLanguage\":\"fr-FR\",\"@id\":\"https:\\\/\\\/secure.gravatar.com\\\/avatar\\\/bed4b70c9efab4b41409d924840dcfe309085d1c7dc8c0cf8c390f6538e41baa?s=96&d=mm&r=g\",\"url\":\"https:\\\/\\\/secure.gravatar.com\\\/avatar\\\/bed4b70c9efab4b41409d924840dcfe309085d1c7dc8c0cf8c390f6538e41baa?s=96&d=mm&r=g\",\"contentUrl\":\"https:\\\/\\\/secure.gravatar.com\\\/avatar\\\/bed4b70c9efab4b41409d924840dcfe309085d1c7dc8c0cf8c390f6538e41baa?s=96&d=mm&r=g\",\"caption\":\"Plateau Lachaud Chateaugay\"}}]}<\/script>\n<!-- \/ Yoast SEO plugin. -->","yoast_head_json":{"title":"R\u00e9union du 26\/09 \u00e0 Saint Gen\u00e8s L'Enfant - Plateau Lachaud","description":"Bilan de la r\u00e9union du 26 septembre \u00e0 Saint Gen\u00e8s L'Enfant. Pr\u00e9sentation du projet de nouvelle carri\u00e8re \u00e0 Ch\u00e2teaugay. Pr\u00e9servons le plateau de Lachaud.","robots":{"index":"index","follow":"follow","max-snippet":"max-snippet:-1","max-image-preview":"max-image-preview:large","max-video-preview":"max-video-preview:-1"},"canonical":"https:\/\/plateaulachaud.fr\/index.php\/2019\/10\/03\/reunion-du-26-septembre-a-saint-genes-lenfant\/","og_locale":"fr_FR","og_type":"article","og_title":"R\u00e9union du 26\/09 \u00e0 Saint Gen\u00e8s L'Enfant - Plateau Lachaud","og_description":"Bilan de la r\u00e9union du 26 septembre \u00e0 Saint Gen\u00e8s L'Enfant. Pr\u00e9sentation du projet de nouvelle carri\u00e8re \u00e0 Ch\u00e2teaugay. Pr\u00e9servons le plateau de Lachaud.","og_url":"https:\/\/plateaulachaud.fr\/index.php\/2019\/10\/03\/reunion-du-26-septembre-a-saint-genes-lenfant\/","og_site_name":"Pr\u00e9servons le plateau de Lachaud et Ch\u00e2teaugay","article_published_time":"2019-10-03T18:12:28+00:00","article_modified_time":"2019-10-31T07:46:03+00:00","og_image":[{"width":1024,"height":576,"url":"https:\/\/plateaulachaud.fr\/wp-content\/uploads\/2019\/09\/R\u00e9union-26-septembre-2019-Marsat-5-1024x576.jpg","type":"image\/jpeg"}],"author":"Plateau Lachaud Chateaugay","twitter_card":"summary_large_image","twitter_misc":{"\u00c9crit par":"Plateau Lachaud Chateaugay","Dur\u00e9e de lecture estim\u00e9e":"2 minutes"},"schema":{"@context":"https:\/\/schema.org","@graph":[{"@type":"Article","@id":"https:\/\/plateaulachaud.fr\/index.php\/2019\/10\/03\/reunion-du-26-septembre-a-saint-genes-lenfant\/#article","isPartOf":{"@id":"https:\/\/plateaulachaud.fr\/index.php\/2019\/10\/03\/reunion-du-26-septembre-a-saint-genes-lenfant\/"},"author":{"name":"Plateau Lachaud Chateaugay","@id":"https:\/\/plateaulachaud.fr\/#\/schema\/person\/013b3519bbc672f4c8b9fe394232c1b2"},"headline":"R\u00e9union du 26 septembre \u00e0 Saint Gen\u00e8s L&rsquo;Enfant","datePublished":"2019-10-03T18:12:28+00:00","dateModified":"2019-10-31T07:46:03+00:00","mainEntityOfPage":{"@id":"https:\/\/plateaulachaud.fr\/index.php\/2019\/10\/03\/reunion-du-26-septembre-a-saint-genes-lenfant\/"},"wordCount":339,"publisher":{"@id":"https:\/\/plateaulachaud.fr\/#organization"},"image":{"@id":"https:\/\/plateaulachaud.fr\/index.php\/2019\/10\/03\/reunion-du-26-septembre-a-saint-genes-lenfant\/#primaryimage"},"thumbnailUrl":"https:\/\/i0.wp.com\/plateaulachaud.fr\/wp-content\/uploads\/2019\/09\/R%C3%A9union-26-septembre-2019-Marsat-5.jpg?fit=4608%2C2592&ssl=1","keywords":["carri\u00e8re","Marsat","nuisances","poussi\u00e8re","r\u00e9union"],"articleSection":["informations","soutien"],"inLanguage":"fr-FR"},{"@type":"WebPage","@id":"https:\/\/plateaulachaud.fr\/index.php\/2019\/10\/03\/reunion-du-26-septembre-a-saint-genes-lenfant\/","url":"https:\/\/plateaulachaud.fr\/index.php\/2019\/10\/03\/reunion-du-26-septembre-a-saint-genes-lenfant\/","name":"R\u00e9union du 26\/09 \u00e0 Saint Gen\u00e8s L'Enfant - Plateau Lachaud","isPartOf":{"@id":"https:\/\/plateaulachaud.fr\/#website"},"primaryImageOfPage":{"@id":"https:\/\/plateaulachaud.fr\/index.php\/2019\/10\/03\/reunion-du-26-septembre-a-saint-genes-lenfant\/#primaryimage"},"image":{"@id":"https:\/\/plateaulachaud.fr\/index.php\/2019\/10\/03\/reunion-du-26-septembre-a-saint-genes-lenfant\/#primaryimage"},"thumbnailUrl":"https:\/\/i0.wp.com\/plateaulachaud.fr\/wp-content\/uploads\/2019\/09\/R%C3%A9union-26-septembre-2019-Marsat-5.jpg?fit=4608%2C2592&ssl=1","datePublished":"2019-10-03T18:12:28+00:00","dateModified":"2019-10-31T07:46:03+00:00","description":"Bilan de la r\u00e9union du 26 septembre \u00e0 Saint Gen\u00e8s L'Enfant. Pr\u00e9sentation du projet de nouvelle carri\u00e8re \u00e0 Ch\u00e2teaugay. Pr\u00e9servons le plateau de Lachaud.","breadcrumb":{"@id":"https:\/\/plateaulachaud.fr\/index.php\/2019\/10\/03\/reunion-du-26-septembre-a-saint-genes-lenfant\/#breadcrumb"},"inLanguage":"fr-FR","potentialAction":[{"@type":"ReadAction","target":["https:\/\/plateaulachaud.fr\/index.php\/2019\/10\/03\/reunion-du-26-septembre-a-saint-genes-lenfant\/"]}]},{"@type":"ImageObject","inLanguage":"fr-FR","@id":"https:\/\/plateaulachaud.fr\/index.php\/2019\/10\/03\/reunion-du-26-septembre-a-saint-genes-lenfant\/#primaryimage","url":"https:\/\/i0.wp.com\/plateaulachaud.fr\/wp-content\/uploads\/2019\/09\/R%C3%A9union-26-septembre-2019-Marsat-5.jpg?fit=4608%2C2592&ssl=1","contentUrl":"https:\/\/i0.wp.com\/plateaulachaud.fr\/wp-content\/uploads\/2019\/09\/R%C3%A9union-26-septembre-2019-Marsat-5.jpg?fit=4608%2C2592&ssl=1","width":4608,"height":2592,"caption":"R\u00e9union 26 septembre 2019 - Marsat - Association Pr\u00e9servons le Plateau de Lachaud et Ch\u00e2teaugay"},{"@type":"BreadcrumbList","@id":"https:\/\/plateaulachaud.fr\/index.php\/2019\/10\/03\/reunion-du-26-septembre-a-saint-genes-lenfant\/#breadcrumb","itemListElement":[{"@type":"ListItem","position":1,"name":"Accueil","item":"https:\/\/plateaulachaud.fr\/"},{"@type":"ListItem","position":2,"name":"R\u00e9union du 26 septembre \u00e0 Saint Gen\u00e8s L&rsquo;Enfant"}]},{"@type":"WebSite","@id":"https:\/\/plateaulachaud.fr\/#website","url":"https:\/\/plateaulachaud.fr\/","name":"Pr\u00e9servons le plateau de Lachaud et Ch\u00e2teaugay","description":"Non \u00e0 une nouvelle carri\u00e8re.","publisher":{"@id":"https:\/\/plateaulachaud.fr\/#organization"},"potentialAction":[{"@type":"SearchAction","target":{"@type":"EntryPoint","urlTemplate":"https:\/\/plateaulachaud.fr\/?s={search_term_string}"},"query-input":{"@type":"PropertyValueSpecification","valueRequired":true,"valueName":"search_term_string"}}],"inLanguage":"fr-FR"},{"@type":"Organization","@id":"https:\/\/plateaulachaud.fr\/#organization","name":"Pr\u00e9servons le Plateau de Lachaud et Ch\u00e2teaugay","url":"https:\/\/plateaulachaud.fr\/","logo":{"@type":"ImageObject","inLanguage":"fr-FR","@id":"https:\/\/plateaulachaud.fr\/#\/schema\/logo\/image\/","url":"https:\/\/i2.wp.com\/plateaulachaud.fr\/wp-content\/uploads\/2019\/09\/Plateau-arc-en-ciel-PANO.jpg?fit=6235%2C1606&ssl=1","contentUrl":"https:\/\/i2.wp.com\/plateaulachaud.fr\/wp-content\/uploads\/2019\/09\/Plateau-arc-en-ciel-PANO.jpg?fit=6235%2C1606&ssl=1","width":6235,"height":1606,"caption":"Pr\u00e9servons le Plateau de Lachaud et Ch\u00e2teaugay"},"image":{"@id":"https:\/\/plateaulachaud.fr\/#\/schema\/logo\/image\/"}},{"@type":"Person","@id":"https:\/\/plateaulachaud.fr\/#\/schema\/person\/013b3519bbc672f4c8b9fe394232c1b2","name":"Plateau Lachaud Chateaugay","image":{"@type":"ImageObject","inLanguage":"fr-FR","@id":"https:\/\/secure.gravatar.com\/avatar\/bed4b70c9efab4b41409d924840dcfe309085d1c7dc8c0cf8c390f6538e41baa?s=96&d=mm&r=g","url":"https:\/\/secure.gravatar.com\/avatar\/bed4b70c9efab4b41409d924840dcfe309085d1c7dc8c0cf8c390f6538e41baa?s=96&d=mm&r=g","contentUrl":"https:\/\/secure.gravatar.com\/avatar\/bed4b70c9efab4b41409d924840dcfe309085d1c7dc8c0cf8c390f6538e41baa?s=96&d=mm&r=g","caption":"Plateau Lachaud Chateaugay"}}]}},"jetpack_featured_media_url":"https:\/\/i0.wp.com\/plateaulachaud.fr\/wp-content\/uploads\/2019\/09\/R%C3%A9union-26-septembre-2019-Marsat-5.jpg?fit=4608%2C2592&ssl=1","jetpack_sharing_enabled":true,"_links":{"self":[{"href":"https:\/\/plateaulachaud.fr\/index.php\/wp-json\/wp\/v2\/posts\/563","targetHints":{"allow":["GET"]}}],"collection":[{"href":"https:\/\/plateaulachaud.fr\/index.php\/wp-json\/wp\/v2\/posts"}],"about":[{"href":"https:\/\/plateaulachaud.fr\/index.php\/wp-json\/wp\/v2\/types\/post"}],"author":[{"embeddable":true,"href":"https:\/\/plateaulachaud.fr\/index.php\/wp-json\/wp\/v2\/users\/1"}],"replies":[{"embeddable":true,"href":"https:\/\/plateaulachaud.fr\/index.php\/wp-json\/wp\/v2\/comments?post=563"}],"version-history":[{"count":7,"href":"https:\/\/plateaulachaud.fr\/index.php\/wp-json\/wp\/v2\/posts\/563\/revisions"}],"predecessor-version":[{"id":687,"href":"https:\/\/plateaulachaud.fr\/index.php\/wp-json\/wp\/v2\/posts\/563\/revisions\/687"}],"wp:featuredmedia":[{"embeddable":true,"href":"https:\/\/plateaulachaud.fr\/index.php\/wp-json\/wp\/v2\/media\/562"}],"wp:attachment":[{"href":"https:\/\/plateaulachaud.fr\/index.php\/wp-json\/wp\/v2\/media?parent=563"}],"wp:term":[{"taxonomy":"category","embeddable":true,"href":"https:\/\/plateaulachaud.fr\/index.php\/wp-json\/wp\/v2\/categories?post=563"},{"taxonomy":"post_tag","embeddable":true,"href":"https:\/\/plateaulachaud.fr\/index.php\/wp-json\/wp\/v2\/tags?post=563"}],"curies":[{"name":"wp","href":"https:\/\/api.w.org\/{rel}","templated":true}]}}