{"id":263,"date":"2019-05-26T19:51:56","date_gmt":"2019-05-26T17:51:56","guid":{"rendered":"https:\/\/plateaulachaud.fr\/?p=263"},"modified":"2019-07-25T21:18:33","modified_gmt":"2019-07-25T19:18:33","slug":"reunion-dinformation","status":"publish","type":"post","link":"https:\/\/plateaulachaud.fr\/index.php\/2019\/05\/26\/reunion-dinformation\/","title":{"rendered":"R\u00e9union d&rsquo;information"},"content":{"rendered":"<div>Bonjour \u00e0 toutes et \u00e0 tous,<\/div>\n<p>&nbsp;<\/p>\n<div>La prochaine r\u00e9union aura lieu jeudi 6 juin \u00e0 20 h 00, \u00e0 la\u00a0salle polyvalente\u00a0de <a href=\"http:\/\/www.malauzat.fr\">Malauzat <\/a>&#8211;\u00a0<a href=\"https:\/\/goo.gl\/maps\/83xPkTRC72ZTxBwF9\">Place de l\u2019\u00c9cole<\/a>, afin d&rsquo;\u00e9largir l&rsquo;information aux habitants de cette commune.<\/div>\n<p>&nbsp;<\/p>\n<p>Bien \u00e9videmment, quiconque estime ne pas avoir toutes les donn\u00e9es sur ce projet de nouvelle carri\u00e8re \u00e0 Ch\u00e2teaugay est le bienvenu.<\/p>\n<div>\n<div>Nous comptons sur vous, comme vous avez d\u00e9j\u00e0 \u00e9t\u00e9 nombreux \u00e0 le faire, pour diffuser largement autour de vous la tenue de cette nouvelle r\u00e9union aupr\u00e8s des personnes non encore adh\u00e9rentes.<\/div>\n<\/div>\n<p>&nbsp;<\/p>\n<p>Nous vous pr\u00e9senterons les derni\u00e8res informations concernant le projet de carri\u00e8re (localisation, sa superficie, les acquisitions en cours sur le plateau de Lachaud, les nuisances qui menacent les habitants de Ch\u00e2teaugay et des communes voisines etc.) et nous ferons \u00e9galement\u00a0 un compte rendu des actions qui ont \u00e9t\u00e9 men\u00e9es jusqu&rsquo;ici et celles \u00e0 venir&#8230;<\/p>\n<p>Beaucoup de ces informations sont d\u00e9j\u00e0 pr\u00e9sent\u00e9es dans les articles de ce site que nous mettons \u00e0 jour r\u00e9guli\u00e8rement. Au fil du temps ce site va s&rsquo;enrichir pour pr\u00e9senter l&rsquo;ensemble des facettes de ce projet de carri\u00e8re.<\/p>\n<p>N&rsquo;h\u00e9sitez pas \u00e0 parcourir les diff\u00e9rentes rubriques (ou utilisez le menu en haut \u00e0 droite sur les mobiles, \u00e0 gauche sur votre ordinateur ou tablette) :<\/p>\n<ul>\n<li><a href=\"\/index.php\/qui-sommes-nous\/\">L&rsquo;association<\/a><\/li>\n<li><a href=\"\/index.php\/pourquoi-vont-ils-echouer\/\">Le projet<\/a><\/li>\n<li><a href=\"\/index.php\/category\/soutien\/\">Nos actions<\/a><\/li>\n<\/ul>\n<div>\n<div class=\"yj6qo ajU\">\n<p id=\":11b\" class=\"ajR\" tabindex=\"0\" role=\"button\" aria-label=\"Masquer le contenu abr\u00e9g\u00e9\" aria-expanded=\"true\" data-tooltip=\"Masquer le contenu abr\u00e9g\u00e9\"><img data-recalc-dims=\"1\" decoding=\"async\" class=\"ajT\" src=\"https:\/\/i0.wp.com\/ssl.gstatic.com\/ui\/v1\/icons\/mail\/images\/cleardot.gif?w=640&#038;ssl=1\" \/>T\u00e9l\u00e9chargez notre tract :\u00a0<a href=\"https:\/\/plateaulachaud.fr\/wp-content\/uploads\/2019\/05\/Tract-et-Adh\u00e9sion-6-juin.pdf\">Tract-et-Adh\u00e9sion-6-juin<\/a><\/p>\n<\/div>\n<\/div>\n<div tabindex=\"0\" role=\"button\" aria-label=\"Masquer le contenu abr\u00e9g\u00e9\" aria-expanded=\"true\" data-tooltip=\"Masquer le contenu abr\u00e9g\u00e9\">Tous les d\u00e9tails pour faire partie de notre association ou nous soutenir :\u00a0<a href=\"https:\/\/plateaulachaud.fr\/index.php\/2019\/03\/17\/nous-rejoindre\/\" target=\"_blank\" rel=\"noopener noreferrer\">Nous rejoindre !<\/a><\/div>\n<div>\n<div class=\"adL\">\n<div class=\"im\"><\/div>\n<\/div>\n<\/div>\n","protected":false},"excerpt":{"rendered":"<p>Bonjour \u00e0 toutes et \u00e0 tous, &nbsp; La prochaine r\u00e9union aura lieu jeudi 6 juin \u00e0 20 h 00, \u00e0 la\u00a0salle polyvalente\u00a0de Malauzat &#8211;\u00a0Place de l\u2019\u00c9cole, afin d&rsquo;\u00e9largir l&rsquo;information aux habitants de cette commune. &nbsp; Bien \u00e9videmment, quiconque estime ne pas avoir toutes les donn\u00e9es sur ce projet de nouvelle carri\u00e8re \u00e0 Ch\u00e2teaugay est le bienvenu. Nous comptons sur vous, comme vous avez d\u00e9j\u00e0 \u00e9t\u00e9 nombreux \u00e0 le faire, pour diffuser largement autour de vous la tenue de cette nouvelle&#8230;<\/p>\n<p class=\"read-more\"><a class=\"btn btn-default\" href=\"https:\/\/plateaulachaud.fr\/index.php\/2019\/05\/26\/reunion-dinformation\/\">Lire la suite<span class=\"screen-reader-text\"> Lire la suite<\/span><\/a><\/p>\n","protected":false},"author":1,"featured_media":268,"comment_status":"closed","ping_status":"open","sticky":false,"template":"","format":"standard","meta":{"_jetpack_memberships_contains_paid_content":false,"footnotes":""},"categories":[5,2],"tags":[7,6,18,9,25,24,23,26],"class_list":["post-263","post","type-post","status-publish","format-standard","has-post-thumbnail","hentry","category-association","category-informations","tag-association","tag-carriere","tag-chateaugay","tag-economie","tag-lachaud","tag-plateau","tag-preservons","tag-reunion"],"yoast_head":"<!-- This site is optimized with the Yoast SEO plugin v27.5 - https:\/\/yoast.com\/product\/yoast-seo-wordpress\/ -->\n<title>R\u00e9union d&#039;information - Pr\u00e9servons le plateau de Lachaud et Ch\u00e2teaugay<\/title>\n<meta name=\"robots\" content=\"index, follow, max-snippet:-1, max-image-preview:large, max-video-preview:-1\" \/>\n<link rel=\"canonical\" href=\"https:\/\/plateaulachaud.fr\/index.php\/2019\/05\/26\/reunion-dinformation\/\" \/>\n<meta property=\"og:locale\" content=\"fr_FR\" \/>\n<meta property=\"og:type\" content=\"article\" \/>\n<meta property=\"og:title\" content=\"R\u00e9union d&#039;information - Pr\u00e9servons le plateau de Lachaud et Ch\u00e2teaugay\" \/>\n<meta property=\"og:description\" content=\"Bonjour \u00e0 toutes et \u00e0 tous, &nbsp; La prochaine r\u00e9union aura lieu jeudi 6 juin \u00e0 20 h 00, \u00e0 la\u00a0salle polyvalente\u00a0de Malauzat &#8211;\u00a0Place de l\u2019\u00c9cole, afin d&rsquo;\u00e9largir l&rsquo;information aux habitants de cette commune. &nbsp; Bien \u00e9videmment, quiconque estime ne pas avoir toutes les donn\u00e9es sur ce projet de nouvelle carri\u00e8re \u00e0 Ch\u00e2teaugay est le bienvenu. Nous comptons sur vous, comme vous avez d\u00e9j\u00e0 \u00e9t\u00e9 nombreux \u00e0 le faire, pour diffuser largement autour de vous la tenue de cette nouvelle...Lire la suite Lire la suite\" \/>\n<meta property=\"og:url\" content=\"https:\/\/plateaulachaud.fr\/index.php\/2019\/05\/26\/reunion-dinformation\/\" \/>\n<meta property=\"og:site_name\" content=\"Pr\u00e9servons le plateau de Lachaud et Ch\u00e2teaugay\" \/>\n<meta property=\"article:published_time\" content=\"2019-05-26T17:51:56+00:00\" \/>\n<meta property=\"article:modified_time\" content=\"2019-07-25T19:18:33+00:00\" \/>\n<meta property=\"og:image\" content=\"https:\/\/i0.wp.com\/plateaulachaud.fr\/wp-content\/uploads\/2019\/05\/CaptureR\u00e9union6juin-e1558892342610.png?fit=836%2C193&ssl=1\" \/>\n\t<meta property=\"og:image:width\" content=\"836\" \/>\n\t<meta property=\"og:image:height\" content=\"193\" \/>\n\t<meta property=\"og:image:type\" content=\"image\/png\" \/>\n<meta name=\"author\" content=\"Plateau Lachaud Chateaugay\" \/>\n<meta name=\"twitter:card\" content=\"summary_large_image\" \/>\n<meta name=\"twitter:label1\" content=\"\u00c9crit par\" \/>\n\t<meta name=\"twitter:data1\" content=\"Plateau Lachaud Chateaugay\" \/>\n\t<meta name=\"twitter:label2\" content=\"Dur\u00e9e de lecture estim\u00e9e\" \/>\n\t<meta name=\"twitter:data2\" content=\"1 minute\" \/>\n<script type=\"application\/ld+json\" class=\"yoast-schema-graph\">{\"@context\":\"https:\\\/\\\/schema.org\",\"@graph\":[{\"@type\":\"Article\",\"@id\":\"https:\\\/\\\/plateaulachaud.fr\\\/index.php\\\/2019\\\/05\\\/26\\\/reunion-dinformation\\\/#article\",\"isPartOf\":{\"@id\":\"https:\\\/\\\/plateaulachaud.fr\\\/index.php\\\/2019\\\/05\\\/26\\\/reunion-dinformation\\\/\"},\"author\":{\"name\":\"Plateau Lachaud Chateaugay\",\"@id\":\"https:\\\/\\\/plateaulachaud.fr\\\/#\\\/schema\\\/person\\\/013b3519bbc672f4c8b9fe394232c1b2\"},\"headline\":\"R\u00e9union d&rsquo;information\",\"datePublished\":\"2019-05-26T17:51:56+00:00\",\"dateModified\":\"2019-07-25T19:18:33+00:00\",\"mainEntityOfPage\":{\"@id\":\"https:\\\/\\\/plateaulachaud.fr\\\/index.php\\\/2019\\\/05\\\/26\\\/reunion-dinformation\\\/\"},\"wordCount\":255,\"publisher\":{\"@id\":\"https:\\\/\\\/plateaulachaud.fr\\\/#organization\"},\"image\":{\"@id\":\"https:\\\/\\\/plateaulachaud.fr\\\/index.php\\\/2019\\\/05\\\/26\\\/reunion-dinformation\\\/#primaryimage\"},\"thumbnailUrl\":\"https:\\\/\\\/i0.wp.com\\\/plateaulachaud.fr\\\/wp-content\\\/uploads\\\/2019\\\/05\\\/CaptureR%C3%A9union6juin-e1558892342610.png?fit=836%2C193&ssl=1\",\"keywords\":[\"association\",\"carri\u00e8re\",\"Chateaugay\",\"\u00e9conomie\",\"Lachaud\",\"plateau\",\"pr\u00e9servons\",\"r\u00e9union\"],\"articleSection\":[\"association\",\"informations\"],\"inLanguage\":\"fr-FR\"},{\"@type\":\"WebPage\",\"@id\":\"https:\\\/\\\/plateaulachaud.fr\\\/index.php\\\/2019\\\/05\\\/26\\\/reunion-dinformation\\\/\",\"url\":\"https:\\\/\\\/plateaulachaud.fr\\\/index.php\\\/2019\\\/05\\\/26\\\/reunion-dinformation\\\/\",\"name\":\"R\u00e9union d'information - Pr\u00e9servons le plateau de Lachaud et Ch\u00e2teaugay\",\"isPartOf\":{\"@id\":\"https:\\\/\\\/plateaulachaud.fr\\\/#website\"},\"primaryImageOfPage\":{\"@id\":\"https:\\\/\\\/plateaulachaud.fr\\\/index.php\\\/2019\\\/05\\\/26\\\/reunion-dinformation\\\/#primaryimage\"},\"image\":{\"@id\":\"https:\\\/\\\/plateaulachaud.fr\\\/index.php\\\/2019\\\/05\\\/26\\\/reunion-dinformation\\\/#primaryimage\"},\"thumbnailUrl\":\"https:\\\/\\\/i0.wp.com\\\/plateaulachaud.fr\\\/wp-content\\\/uploads\\\/2019\\\/05\\\/CaptureR%C3%A9union6juin-e1558892342610.png?fit=836%2C193&ssl=1\",\"datePublished\":\"2019-05-26T17:51:56+00:00\",\"dateModified\":\"2019-07-25T19:18:33+00:00\",\"breadcrumb\":{\"@id\":\"https:\\\/\\\/plateaulachaud.fr\\\/index.php\\\/2019\\\/05\\\/26\\\/reunion-dinformation\\\/#breadcrumb\"},\"inLanguage\":\"fr-FR\",\"potentialAction\":[{\"@type\":\"ReadAction\",\"target\":[\"https:\\\/\\\/plateaulachaud.fr\\\/index.php\\\/2019\\\/05\\\/26\\\/reunion-dinformation\\\/\"]}]},{\"@type\":\"ImageObject\",\"inLanguage\":\"fr-FR\",\"@id\":\"https:\\\/\\\/plateaulachaud.fr\\\/index.php\\\/2019\\\/05\\\/26\\\/reunion-dinformation\\\/#primaryimage\",\"url\":\"https:\\\/\\\/i0.wp.com\\\/plateaulachaud.fr\\\/wp-content\\\/uploads\\\/2019\\\/05\\\/CaptureR%C3%A9union6juin-e1558892342610.png?fit=836%2C193&ssl=1\",\"contentUrl\":\"https:\\\/\\\/i0.wp.com\\\/plateaulachaud.fr\\\/wp-content\\\/uploads\\\/2019\\\/05\\\/CaptureR%C3%A9union6juin-e1558892342610.png?fit=836%2C193&ssl=1\",\"width\":836,\"height\":193,\"caption\":\"Tract et bulletin d'adh\u00e9sion pour l'association Pr\u00e9servons le plateau de Lachaud et Ch\u00e2teaugay. Non \u00e0 une nouvelle carri\u00e8re. Mis \u00e0 jour pour la r\u00e9union du 06 juin 2019 \u00e0 Malauzat.\"},{\"@type\":\"BreadcrumbList\",\"@id\":\"https:\\\/\\\/plateaulachaud.fr\\\/index.php\\\/2019\\\/05\\\/26\\\/reunion-dinformation\\\/#breadcrumb\",\"itemListElement\":[{\"@type\":\"ListItem\",\"position\":1,\"name\":\"Accueil\",\"item\":\"https:\\\/\\\/plateaulachaud.fr\\\/\"},{\"@type\":\"ListItem\",\"position\":2,\"name\":\"R\u00e9union d&rsquo;information\"}]},{\"@type\":\"WebSite\",\"@id\":\"https:\\\/\\\/plateaulachaud.fr\\\/#website\",\"url\":\"https:\\\/\\\/plateaulachaud.fr\\\/\",\"name\":\"Pr\u00e9servons le plateau de Lachaud et Ch\u00e2teaugay\",\"description\":\"Non \u00e0 une nouvelle carri\u00e8re.\",\"publisher\":{\"@id\":\"https:\\\/\\\/plateaulachaud.fr\\\/#organization\"},\"potentialAction\":[{\"@type\":\"SearchAction\",\"target\":{\"@type\":\"EntryPoint\",\"urlTemplate\":\"https:\\\/\\\/plateaulachaud.fr\\\/?s={search_term_string}\"},\"query-input\":{\"@type\":\"PropertyValueSpecification\",\"valueRequired\":true,\"valueName\":\"search_term_string\"}}],\"inLanguage\":\"fr-FR\"},{\"@type\":\"Organization\",\"@id\":\"https:\\\/\\\/plateaulachaud.fr\\\/#organization\",\"name\":\"Pr\u00e9servons le Plateau de Lachaud et Ch\u00e2teaugay\",\"url\":\"https:\\\/\\\/plateaulachaud.fr\\\/\",\"logo\":{\"@type\":\"ImageObject\",\"inLanguage\":\"fr-FR\",\"@id\":\"https:\\\/\\\/plateaulachaud.fr\\\/#\\\/schema\\\/logo\\\/image\\\/\",\"url\":\"https:\\\/\\\/i2.wp.com\\\/plateaulachaud.fr\\\/wp-content\\\/uploads\\\/2019\\\/09\\\/Plateau-arc-en-ciel-PANO.jpg?fit=6235%2C1606&ssl=1\",\"contentUrl\":\"https:\\\/\\\/i2.wp.com\\\/plateaulachaud.fr\\\/wp-content\\\/uploads\\\/2019\\\/09\\\/Plateau-arc-en-ciel-PANO.jpg?fit=6235%2C1606&ssl=1\",\"width\":6235,\"height\":1606,\"caption\":\"Pr\u00e9servons le Plateau de Lachaud et Ch\u00e2teaugay\"},\"image\":{\"@id\":\"https:\\\/\\\/plateaulachaud.fr\\\/#\\\/schema\\\/logo\\\/image\\\/\"}},{\"@type\":\"Person\",\"@id\":\"https:\\\/\\\/plateaulachaud.fr\\\/#\\\/schema\\\/person\\\/013b3519bbc672f4c8b9fe394232c1b2\",\"name\":\"Plateau Lachaud Chateaugay\",\"image\":{\"@type\":\"ImageObject\",\"inLanguage\":\"fr-FR\",\"@id\":\"https:\\\/\\\/secure.gravatar.com\\\/avatar\\\/bed4b70c9efab4b41409d924840dcfe309085d1c7dc8c0cf8c390f6538e41baa?s=96&d=mm&r=g\",\"url\":\"https:\\\/\\\/secure.gravatar.com\\\/avatar\\\/bed4b70c9efab4b41409d924840dcfe309085d1c7dc8c0cf8c390f6538e41baa?s=96&d=mm&r=g\",\"contentUrl\":\"https:\\\/\\\/secure.gravatar.com\\\/avatar\\\/bed4b70c9efab4b41409d924840dcfe309085d1c7dc8c0cf8c390f6538e41baa?s=96&d=mm&r=g\",\"caption\":\"Plateau Lachaud Chateaugay\"}}]}<\/script>\n<!-- \/ Yoast SEO plugin. -->","yoast_head_json":{"title":"R\u00e9union d'information - Pr\u00e9servons le plateau de Lachaud et Ch\u00e2teaugay","robots":{"index":"index","follow":"follow","max-snippet":"max-snippet:-1","max-image-preview":"max-image-preview:large","max-video-preview":"max-video-preview:-1"},"canonical":"https:\/\/plateaulachaud.fr\/index.php\/2019\/05\/26\/reunion-dinformation\/","og_locale":"fr_FR","og_type":"article","og_title":"R\u00e9union d'information - Pr\u00e9servons le plateau de Lachaud et Ch\u00e2teaugay","og_description":"Bonjour \u00e0 toutes et \u00e0 tous, &nbsp; La prochaine r\u00e9union aura lieu jeudi 6 juin \u00e0 20 h 00, \u00e0 la\u00a0salle polyvalente\u00a0de Malauzat &#8211;\u00a0Place de l\u2019\u00c9cole, afin d&rsquo;\u00e9largir l&rsquo;information aux habitants de cette commune. &nbsp; Bien \u00e9videmment, quiconque estime ne pas avoir toutes les donn\u00e9es sur ce projet de nouvelle carri\u00e8re \u00e0 Ch\u00e2teaugay est le bienvenu. Nous comptons sur vous, comme vous avez d\u00e9j\u00e0 \u00e9t\u00e9 nombreux \u00e0 le faire, pour diffuser largement autour de vous la tenue de cette nouvelle...Lire la suite Lire la suite","og_url":"https:\/\/plateaulachaud.fr\/index.php\/2019\/05\/26\/reunion-dinformation\/","og_site_name":"Pr\u00e9servons le plateau de Lachaud et Ch\u00e2teaugay","article_published_time":"2019-05-26T17:51:56+00:00","article_modified_time":"2019-07-25T19:18:33+00:00","og_image":[{"width":836,"height":193,"url":"https:\/\/i0.wp.com\/plateaulachaud.fr\/wp-content\/uploads\/2019\/05\/CaptureR\u00e9union6juin-e1558892342610.png?fit=836%2C193&ssl=1","type":"image\/png"}],"author":"Plateau Lachaud Chateaugay","twitter_card":"summary_large_image","twitter_misc":{"\u00c9crit par":"Plateau Lachaud Chateaugay","Dur\u00e9e de lecture estim\u00e9e":"1 minute"},"schema":{"@context":"https:\/\/schema.org","@graph":[{"@type":"Article","@id":"https:\/\/plateaulachaud.fr\/index.php\/2019\/05\/26\/reunion-dinformation\/#article","isPartOf":{"@id":"https:\/\/plateaulachaud.fr\/index.php\/2019\/05\/26\/reunion-dinformation\/"},"author":{"name":"Plateau Lachaud Chateaugay","@id":"https:\/\/plateaulachaud.fr\/#\/schema\/person\/013b3519bbc672f4c8b9fe394232c1b2"},"headline":"R\u00e9union d&rsquo;information","datePublished":"2019-05-26T17:51:56+00:00","dateModified":"2019-07-25T19:18:33+00:00","mainEntityOfPage":{"@id":"https:\/\/plateaulachaud.fr\/index.php\/2019\/05\/26\/reunion-dinformation\/"},"wordCount":255,"publisher":{"@id":"https:\/\/plateaulachaud.fr\/#organization"},"image":{"@id":"https:\/\/plateaulachaud.fr\/index.php\/2019\/05\/26\/reunion-dinformation\/#primaryimage"},"thumbnailUrl":"https:\/\/i0.wp.com\/plateaulachaud.fr\/wp-content\/uploads\/2019\/05\/CaptureR%C3%A9union6juin-e1558892342610.png?fit=836%2C193&ssl=1","keywords":["association","carri\u00e8re","Chateaugay","\u00e9conomie","Lachaud","plateau","pr\u00e9servons","r\u00e9union"],"articleSection":["association","informations"],"inLanguage":"fr-FR"},{"@type":"WebPage","@id":"https:\/\/plateaulachaud.fr\/index.php\/2019\/05\/26\/reunion-dinformation\/","url":"https:\/\/plateaulachaud.fr\/index.php\/2019\/05\/26\/reunion-dinformation\/","name":"R\u00e9union d'information - Pr\u00e9servons le plateau de Lachaud et Ch\u00e2teaugay","isPartOf":{"@id":"https:\/\/plateaulachaud.fr\/#website"},"primaryImageOfPage":{"@id":"https:\/\/plateaulachaud.fr\/index.php\/2019\/05\/26\/reunion-dinformation\/#primaryimage"},"image":{"@id":"https:\/\/plateaulachaud.fr\/index.php\/2019\/05\/26\/reunion-dinformation\/#primaryimage"},"thumbnailUrl":"https:\/\/i0.wp.com\/plateaulachaud.fr\/wp-content\/uploads\/2019\/05\/CaptureR%C3%A9union6juin-e1558892342610.png?fit=836%2C193&ssl=1","datePublished":"2019-05-26T17:51:56+00:00","dateModified":"2019-07-25T19:18:33+00:00","breadcrumb":{"@id":"https:\/\/plateaulachaud.fr\/index.php\/2019\/05\/26\/reunion-dinformation\/#breadcrumb"},"inLanguage":"fr-FR","potentialAction":[{"@type":"ReadAction","target":["https:\/\/plateaulachaud.fr\/index.php\/2019\/05\/26\/reunion-dinformation\/"]}]},{"@type":"ImageObject","inLanguage":"fr-FR","@id":"https:\/\/plateaulachaud.fr\/index.php\/2019\/05\/26\/reunion-dinformation\/#primaryimage","url":"https:\/\/i0.wp.com\/plateaulachaud.fr\/wp-content\/uploads\/2019\/05\/CaptureR%C3%A9union6juin-e1558892342610.png?fit=836%2C193&ssl=1","contentUrl":"https:\/\/i0.wp.com\/plateaulachaud.fr\/wp-content\/uploads\/2019\/05\/CaptureR%C3%A9union6juin-e1558892342610.png?fit=836%2C193&ssl=1","width":836,"height":193,"caption":"Tract et bulletin d'adh\u00e9sion pour l'association Pr\u00e9servons le plateau de Lachaud et Ch\u00e2teaugay. Non \u00e0 une nouvelle carri\u00e8re. Mis \u00e0 jour pour la r\u00e9union du 06 juin 2019 \u00e0 Malauzat."},{"@type":"BreadcrumbList","@id":"https:\/\/plateaulachaud.fr\/index.php\/2019\/05\/26\/reunion-dinformation\/#breadcrumb","itemListElement":[{"@type":"ListItem","position":1,"name":"Accueil","item":"https:\/\/plateaulachaud.fr\/"},{"@type":"ListItem","position":2,"name":"R\u00e9union d&rsquo;information"}]},{"@type":"WebSite","@id":"https:\/\/plateaulachaud.fr\/#website","url":"https:\/\/plateaulachaud.fr\/","name":"Pr\u00e9servons le plateau de Lachaud et Ch\u00e2teaugay","description":"Non \u00e0 une nouvelle carri\u00e8re.","publisher":{"@id":"https:\/\/plateaulachaud.fr\/#organization"},"potentialAction":[{"@type":"SearchAction","target":{"@type":"EntryPoint","urlTemplate":"https:\/\/plateaulachaud.fr\/?s={search_term_string}"},"query-input":{"@type":"PropertyValueSpecification","valueRequired":true,"valueName":"search_term_string"}}],"inLanguage":"fr-FR"},{"@type":"Organization","@id":"https:\/\/plateaulachaud.fr\/#organization","name":"Pr\u00e9servons le Plateau de Lachaud et Ch\u00e2teaugay","url":"https:\/\/plateaulachaud.fr\/","logo":{"@type":"ImageObject","inLanguage":"fr-FR","@id":"https:\/\/plateaulachaud.fr\/#\/schema\/logo\/image\/","url":"https:\/\/i2.wp.com\/plateaulachaud.fr\/wp-content\/uploads\/2019\/09\/Plateau-arc-en-ciel-PANO.jpg?fit=6235%2C1606&ssl=1","contentUrl":"https:\/\/i2.wp.com\/plateaulachaud.fr\/wp-content\/uploads\/2019\/09\/Plateau-arc-en-ciel-PANO.jpg?fit=6235%2C1606&ssl=1","width":6235,"height":1606,"caption":"Pr\u00e9servons le Plateau de Lachaud et Ch\u00e2teaugay"},"image":{"@id":"https:\/\/plateaulachaud.fr\/#\/schema\/logo\/image\/"}},{"@type":"Person","@id":"https:\/\/plateaulachaud.fr\/#\/schema\/person\/013b3519bbc672f4c8b9fe394232c1b2","name":"Plateau Lachaud Chateaugay","image":{"@type":"ImageObject","inLanguage":"fr-FR","@id":"https:\/\/secure.gravatar.com\/avatar\/bed4b70c9efab4b41409d924840dcfe309085d1c7dc8c0cf8c390f6538e41baa?s=96&d=mm&r=g","url":"https:\/\/secure.gravatar.com\/avatar\/bed4b70c9efab4b41409d924840dcfe309085d1c7dc8c0cf8c390f6538e41baa?s=96&d=mm&r=g","contentUrl":"https:\/\/secure.gravatar.com\/avatar\/bed4b70c9efab4b41409d924840dcfe309085d1c7dc8c0cf8c390f6538e41baa?s=96&d=mm&r=g","caption":"Plateau Lachaud Chateaugay"}}]}},"jetpack_featured_media_url":"https:\/\/i0.wp.com\/plateaulachaud.fr\/wp-content\/uploads\/2019\/05\/CaptureR%C3%A9union6juin-e1558892342610.png?fit=836%2C193&ssl=1","jetpack_sharing_enabled":true,"_links":{"self":[{"href":"https:\/\/plateaulachaud.fr\/index.php\/wp-json\/wp\/v2\/posts\/263","targetHints":{"allow":["GET"]}}],"collection":[{"href":"https:\/\/plateaulachaud.fr\/index.php\/wp-json\/wp\/v2\/posts"}],"about":[{"href":"https:\/\/plateaulachaud.fr\/index.php\/wp-json\/wp\/v2\/types\/post"}],"author":[{"embeddable":true,"href":"https:\/\/plateaulachaud.fr\/index.php\/wp-json\/wp\/v2\/users\/1"}],"replies":[{"embeddable":true,"href":"https:\/\/plateaulachaud.fr\/index.php\/wp-json\/wp\/v2\/comments?post=263"}],"version-history":[{"count":10,"href":"https:\/\/plateaulachaud.fr\/index.php\/wp-json\/wp\/v2\/posts\/263\/revisions"}],"predecessor-version":[{"id":317,"href":"https:\/\/plateaulachaud.fr\/index.php\/wp-json\/wp\/v2\/posts\/263\/revisions\/317"}],"wp:featuredmedia":[{"embeddable":true,"href":"https:\/\/plateaulachaud.fr\/index.php\/wp-json\/wp\/v2\/media\/268"}],"wp:attachment":[{"href":"https:\/\/plateaulachaud.fr\/index.php\/wp-json\/wp\/v2\/media?parent=263"}],"wp:term":[{"taxonomy":"category","embeddable":true,"href":"https:\/\/plateaulachaud.fr\/index.php\/wp-json\/wp\/v2\/categories?post=263"},{"taxonomy":"post_tag","embeddable":true,"href":"https:\/\/plateaulachaud.fr\/index.php\/wp-json\/wp\/v2\/tags?post=263"}],"curies":[{"name":"wp","href":"https:\/\/api.w.org\/{rel}","templated":true}]}}