{"id":1897,"date":"2026-01-25T17:57:14","date_gmt":"2026-01-25T16:57:14","guid":{"rendered":"https:\/\/plateaulachaud.fr\/?p=1897"},"modified":"2026-01-28T12:17:31","modified_gmt":"2026-01-28T11:17:31","slug":"municipales-2026-positionnement-des-listes-sur-le-projet-de-carriere","status":"publish","type":"post","link":"https:\/\/plateaulachaud.fr\/index.php\/2026\/01\/25\/municipales-2026-positionnement-des-listes-sur-le-projet-de-carriere\/","title":{"rendered":"Municipales 2026 \u2013 Positionnement des listes sur le projet de carri\u00e8re"},"content":{"rendered":"\n<p>Bonjour \u00e0 toutes et tous, dans cet article nous allons vous pr\u00e9senter le positionnement, vis-\u00e0-vis du projet de carri\u00e8re, des listes aux \u00e9lections municipales de 2026.<\/p>\n\n\n\n<p>Comme annonc\u00e9 dans notre <a href=\"https:\/\/plateaulachaud.fr\/index.php\/2026\/01\/18\/victoire-detape-pour-le-plateau-de-lachaud-le-zonage-carriere-supprime-du-plui\/\" type=\"post\" id=\"1881\">article pr\u00e9c\u00e8dent<\/a>, le classement en zone naturelle est une avanc\u00e9e importante. Toutefois, nous sommes certains qu&rsquo;il ne met pas d\u00e9finitivement fin au projet : les carriers disposent d&rsquo;autres leviers r\u00e9glementaires pour tenter de le faire aboutir.&nbsp;C\u2019est pourquoi les \u00e9lections municipales de 2026 constituent une \u00e9tape cl\u00e9, o\u00f9 chacun doit interpeller les candidats et r\u00e9fl\u00e9chir \u00e0 son futur positionnement.&nbsp;<\/p>\n\n\n\n<p>\u00c0 Ch\u00e2teaugay,&nbsp;quatre listes sont en lice pour les <a href=\"https:\/\/www.service-public.gouv.fr\/particuliers\/vosdroits\/F1939\">\u00e9lections municipales de 2026<\/a>. Une situation in\u00e9dite depuis longtemps, voire tr\u00e8s longtemps, qui peut traduire une r\u00e9elle volont\u00e9 de changement.<\/p>\n\n\n\n<p>Dans ce contexte, l\u2019association a adress\u00e9 un courrier \u00e0 l\u2019ensemble des t\u00eates de liste d\u00e9clar\u00e9es afin de conna\u00eetre leur&nbsp;positionnement sur le projet de carri\u00e8re&nbsp;que nous combattons.<\/p>\n\n\n\n<h2 class=\"wp-block-heading\">Les r\u00e9ponses apport\u00e9es :<\/h2>\n\n\n\n<p>\u00c0 ce jour, nous avons re\u00e7u trois r\u00e9ponses :<\/p>\n\n\n\n<ul class=\"wp-block-list\">\n<li>La liste \u00ab&nbsp;<strong>Ensemble pour Ch\u00e2teaugay<\/strong>&nbsp;\u00bb, conduite par&nbsp;G\u00e9raud Goigoux, se positionne de mani\u00e8re&nbsp;ferme et imm\u00e9diate contre le projet, avec un engagement clair \u00e0 s\u2019y opposer activement par tous les moyens l\u00e9gaux (voir courrier de r\u00e9ponse ci-joint).<\/li>\n\n\n\n<li>La liste<strong>&nbsp;\u00ab Un Nouvel \u00c9lan pour Ch\u00e2teaugay \u00bb<\/strong>, conduite par&nbsp;Olivier Mallet, adopte une&nbsp;position prudente et conditionnelle, fond\u00e9e sur la transparence de l\u2019information, la concertation avec les habitants et l\u2019attente d\u2019\u00e9l\u00e9ments compl\u00e9mentaires (\u00e9tudes, marges de man\u0153uvre institutionnelles) avant toute prise de d\u00e9cision&nbsp;(voir courrier de r\u00e9ponse ci-joint).<\/li>\n\n\n\n<li>La liste \u00ab&nbsp;<strong>Ch\u00e2teaugay, l\u2019avenir en confiance<\/strong>&nbsp;\u00bb, conduite par&nbsp;Christophe Malfreyt consid\u00e8re que le projet est abandonn\u00e9 et que rien n&rsquo;indique qu&rsquo;il sera soumis \u00e0 un nouveau d\u00e9bat, tout en s\u2019engageant sur un r\u00e9f\u00e9rendum et des r\u00e9unions publiques d&rsquo;informations si le projet devait r\u00e9appara\u00eetre (voir email ci-joint).&nbsp;<br><\/li>\n<\/ul>\n\n\n\n<p>Nous restons dans l\u2019attente d\u2019un positionnement officiel de la derni\u00e8re liste :<\/p>\n\n\n\n<ul class=\"wp-block-list\">\n<li>\u00ab&nbsp;<strong>Agir pour Ch\u00e2teaugay<\/strong>&nbsp;\u00bb, conduite par&nbsp;Raymond Lambert&nbsp;(interrog\u00e9e le 03\/11\/2025).<\/li>\n<\/ul>\n\n\n\n<p>Concernant les&nbsp;communes limitrophes de Ch\u00e2teaugay, nous avons \u00e9galement interrog\u00e9&nbsp;&nbsp;:<\/p>\n\n\n\n<ul class=\"wp-block-list\">\n<li><strong>\u00ab\u00a0Marsat Avenir\u00a0\u00bb<\/strong> conduite par&nbsp;Pascal Mazeau&nbsp;\u00e0 Marsat (interrog\u00e9e le 10\/12\/2025).<\/li>\n\n\n\n<li><strong>\u00ab\u00a0Bien vivre \u00e0 Malauzat\u00a0\u00bb<\/strong> conduite par Rapha\u00ebl Roussy&nbsp;pour Malauzat (interrog\u00e9e le 10\/12\/2025).<\/li>\n\n\n\n<li><strong>\u00ab\u00a0Blanzat Autrement\u00a0\u00bb<\/strong>\u00a0conduite par Danielle Pascual \u00e0 Blanzat (interrog\u00e9e le 23\/01\/2026).<\/li>\n\n\n\n<li><strong>\u00ab\u00a0Engag\u00e9s pour Marsat\u00a0\u00bb<\/strong>\u00a0conduite par Anne-Catherine Lafarge \u00e0 Marsat (interrog\u00e9e le 26\/01\/2026).<\/li>\n\n\n\n<li>la liste conduite par Richard Bret \u00e0 Blanzat (interrog\u00e9e le 27\/01\/2026).<\/li>\n<\/ul>\n\n\n\n<p>\u00c0 ce jour, nous n\u2019avons pas re\u00e7u de r\u00e9ponse.<\/p>\n\n\n\n<p>Si vous avez connaissance d\u2019autres listes candidates, n\u2019h\u00e9sitez pas \u00e0 nous transmettre leurs&nbsp;noms et coordonn\u00e9es&nbsp;afin que nous puissions leur adresser notre demande de positionnement.<\/p>\n\n\n\n<p>Merci \u00e0 toutes et tous pour votre mobilisation et votre vigilance.<\/p>\n\n\n\n<p>A tr\u00e8s bient\u00f4t.&nbsp;<\/p>\n\n\n\n<p class=\"has-text-align-center\"><strong>L\u2019association ne donne aucune consigne de vote. Elle agit dans un objectif d\u2019information et de vigilance citoyenne afin que chacun puisse se forger sa propre opinion en connaissance de cause.<\/strong><\/p>\n\n\n\n<h2 class=\"wp-block-heading\">Nos questions \u00e9taient :<\/h2>\n\n\n\n<figure class=\"wp-block-pullquote\"><blockquote><p>Monsieur,<br><br><br>L\u2019association \u00ab Pr\u00e9servons le Plateau de Lachaud et Ch\u00e2teaugay \u00bb rassemble aujourd\u2019hui plus de 560 adh\u00e9rents mobilis\u00e9s pour la protection du patrimoine naturel, paysager et agricole du plateau de Lachaud et de ses environs.<br><br><br>Notre collectif s\u2019inqui\u00e8te du projet de nouvelle carri\u00e8re envisag\u00e9 sur ce site, dont les cons\u00e9quences sur l\u2019environnement et la qualit\u00e9 de vie des riverains seraient importantes.<br><br><br>De nombreux adh\u00e9rents nous sollicitent afin que nous interpellions les candidats aux \u00e9lections municipales de 2026 sur ce sujet. Dans cette perspective, nous souhaitons conna\u00eetre la position officielle de votre liste concernant ce projet et vous serions reconnaissants de bien vouloir nous indiquer :<br><br><br>1. Si vous avez \u00e9tudi\u00e9 ce projet et ses impacts notamment hydrologiques, floristiques, faunistiques, les impacts sur le traffic routier, la pollution ?<br><br><br>2. Si vous \u00eates oppos\u00e9 ou favorable \u00e0 ce projet ?<br><br><br>3 &#8211; Quelles mesures ou engagements concrets vous envisagez, si vous \u00eates \u00e9lu, pour prot\u00e9ger cet espace naturel qu&rsquo;est le plateau de Lachaud.<br><br><br>Afin d\u2019assurer une information \u00e9quitable, ce courrier est adress\u00e9 \u00e0 l\u2019ensemble des candidats en lice.<br>Les r\u00e9ponses re\u00e7ues seront pr\u00e9sent\u00e9es \u00e0 nos adh\u00e9rents afin de permettre \u00e0 chacun de voter en connaissance de cause.<br><br><br>Dans l\u2019attente de votre r\u00e9ponse, nous vous remercions pour l\u2019attention que vous porterez \u00e0 cette d\u00e9marche citoyenne et restons \u00e0 votre disposition pour tout \u00e9change sur ce sujet essentiel pour l\u2019avenir de notre commune.<br><br><br>Veuillez agr\u00e9er, Monsieur, l\u2019expression de nos salutations distingu\u00e9es.<br><br><br><strong>Les membres du bureau de l&rsquo;Association Pr\u00e9servons le Plateau de Lachaud et Ch\u00e2teaugay<\/strong><br><em><a href=\"https:\/\/plateaulachaud.fr\/\" target=\"_blank\" rel=\"noreferrer noopener\">https:\/\/plateaulachaud.fr\/<\/a><\/em><br><\/p><cite>&nbsp;Message adress\u00e9 aux candidats aux municipales \u00ab\u00a0Position de votre liste concernant le projet de nouvelle carri\u00e8re sur le plateau de Lachaud\u00a0\u00bb<\/cite><\/blockquote><\/figure>\n\n\n\n<h2 class=\"wp-block-heading\">Les documents<\/h2>\n\n\n\n<div data-wp-interactive=\"core\/file\" class=\"wp-block-file\"><object data-wp-bind--hidden=\"!state.hasPdfPreview\" hidden class=\"wp-block-file__embed\" data=\"https:\/\/plateaulachaud.fr\/wp-content\/uploads\/2026\/01\/Projet-carriere-Position-Ensemble-pour-Chateaugay.pdf\" type=\"application\/pdf\" style=\"width:100%;height:600px\" aria-label=\"Contenu embarqu\u00e9 Projet carri\u00e8re - Position - Ensemble pour Ch\u00e2teaugay.\"><\/object><a id=\"wp-block-file--media-09dadf2a-e43e-4474-ada2-97cb35944510\" href=\"https:\/\/plateaulachaud.fr\/wp-content\/uploads\/2026\/01\/Projet-carriere-Position-Ensemble-pour-Chateaugay.pdf\">Projet carri\u00e8re &#8211; Position &#8211; Ensemble pour Ch\u00e2teaugay<\/a><a href=\"https:\/\/plateaulachaud.fr\/wp-content\/uploads\/2026\/01\/Projet-carriere-Position-Ensemble-pour-Chateaugay.pdf\" class=\"wp-block-file__button wp-element-button\" download aria-describedby=\"wp-block-file--media-09dadf2a-e43e-4474-ada2-97cb35944510\">T\u00e9l\u00e9charger<\/a><\/div>\n\n\n\n<div data-wp-interactive=\"core\/file\" class=\"wp-block-file\"><object data-wp-bind--hidden=\"!state.hasPdfPreview\" hidden class=\"wp-block-file__embed\" data=\"https:\/\/plateaulachaud.fr\/wp-content\/uploads\/2026\/01\/Projet-carriere-Position-Un-Nouvel-Elan-pour-Chateaugay.pdf\" type=\"application\/pdf\" style=\"width:100%;height:600px\" aria-label=\"Contenu embarqu\u00e9 Projet carri\u00e8re - Position - Un Nouvel Elan pour Ch\u00e2teaugay.\"><\/object><a id=\"wp-block-file--media-7d55cd91-b053-4fce-9dff-6fb9d43988c8\" href=\"https:\/\/plateaulachaud.fr\/wp-content\/uploads\/2026\/01\/Projet-carriere-Position-Un-Nouvel-Elan-pour-Chateaugay.pdf\">Projet carri\u00e8re &#8211; Position &#8211; Un Nouvel Elan pour Ch\u00e2teaugay<\/a><a href=\"https:\/\/plateaulachaud.fr\/wp-content\/uploads\/2026\/01\/Projet-carriere-Position-Un-Nouvel-Elan-pour-Chateaugay.pdf\" class=\"wp-block-file__button wp-element-button\" download aria-describedby=\"wp-block-file--media-7d55cd91-b053-4fce-9dff-6fb9d43988c8\">T\u00e9l\u00e9charger<\/a><\/div>\n\n\n\n<div data-wp-interactive=\"core\/file\" class=\"wp-block-file\"><object data-wp-bind--hidden=\"!state.hasPdfPreview\" hidden class=\"wp-block-file__embed\" data=\"https:\/\/plateaulachaud.fr\/wp-content\/uploads\/2026\/01\/Projet-carriere-Position-Chateaugay-lAvenir-en-Confiance.pdf\" type=\"application\/pdf\" style=\"width:100%;height:600px\" aria-label=\"Contenu embarqu\u00e9 Projet carri\u00e8re - Position - Ch\u00e2teaugay, l\u2019Avenir en Confiance.\"><\/object><a id=\"wp-block-file--media-66309405-5a17-4df0-a648-67eb591b4e59\" href=\"https:\/\/plateaulachaud.fr\/wp-content\/uploads\/2026\/01\/Projet-carriere-Position-Chateaugay-lAvenir-en-Confiance.pdf\">Projet carri\u00e8re &#8211; Position &#8211; Ch\u00e2teaugay, l\u2019Avenir en Confiance<\/a><a href=\"https:\/\/plateaulachaud.fr\/wp-content\/uploads\/2026\/01\/Projet-carriere-Position-Chateaugay-lAvenir-en-Confiance.pdf\" class=\"wp-block-file__button wp-element-button\" download aria-describedby=\"wp-block-file--media-66309405-5a17-4df0-a648-67eb591b4e59\">T\u00e9l\u00e9charger<\/a><\/div>\n","protected":false},"excerpt":{"rendered":"<p>Bonjour \u00e0 toutes et tous, dans cet article nous allons vous pr\u00e9senter le positionnement, vis-\u00e0-vis du projet de carri\u00e8re, des listes aux \u00e9lections municipales de 2026. Comme annonc\u00e9 dans notre article pr\u00e9c\u00e8dent, le classement en zone naturelle est une avanc\u00e9e importante. Toutefois, nous sommes certains qu&rsquo;il ne met pas d\u00e9finitivement fin au projet : les carriers disposent d&rsquo;autres leviers r\u00e9glementaires pour tenter de le faire aboutir.&nbsp;C\u2019est pourquoi les \u00e9lections municipales de 2026 constituent une \u00e9tape cl\u00e9, o\u00f9 chacun doit interpeller&#8230;<\/p>\n<p class=\"read-more\"><a class=\"btn btn-default\" href=\"https:\/\/plateaulachaud.fr\/index.php\/2026\/01\/25\/municipales-2026-positionnement-des-listes-sur-le-projet-de-carriere\/\">Lire la suite<span class=\"screen-reader-text\"> Lire la suite<\/span><\/a><\/p>\n","protected":false},"author":1,"featured_media":1901,"comment_status":"closed","ping_status":"open","sticky":true,"template":"","format":"standard","meta":{"_jetpack_memberships_contains_paid_content":false,"footnotes":""},"categories":[5,2],"tags":[143,142,141],"class_list":["post-1897","post","type-post","status-publish","format-standard","has-post-thumbnail","hentry","category-association","category-informations","tag-143","tag-elections-2","tag-municipales"],"yoast_head":"<!-- This site is optimized with the Yoast SEO plugin v27.4 - https:\/\/yoast.com\/product\/yoast-seo-wordpress\/ -->\n<title>Municipales : positionnement des listes sur le projet de carri\u00e8re<\/title>\n<meta name=\"description\" content=\"Nous vous pr\u00e9sentons le positionnement, vis-\u00e0-vis du projet de carri\u00e8re, des listes aux \u00e9lections municipales de 2026.\" \/>\n<meta name=\"robots\" content=\"index, follow, max-snippet:-1, max-image-preview:large, max-video-preview:-1\" \/>\n<link rel=\"canonical\" href=\"https:\/\/plateaulachaud.fr\/index.php\/2026\/01\/25\/municipales-2026-positionnement-des-listes-sur-le-projet-de-carriere\/\" \/>\n<meta property=\"og:locale\" content=\"fr_FR\" \/>\n<meta property=\"og:type\" content=\"article\" \/>\n<meta property=\"og:title\" content=\"Municipales : positionnement des listes sur le projet de carri\u00e8re\" \/>\n<meta property=\"og:description\" content=\"Nous vous pr\u00e9sentons le positionnement, vis-\u00e0-vis du projet de carri\u00e8re, des listes aux \u00e9lections municipales de 2026.\" \/>\n<meta property=\"og:url\" content=\"https:\/\/plateaulachaud.fr\/index.php\/2026\/01\/25\/municipales-2026-positionnement-des-listes-sur-le-projet-de-carriere\/\" \/>\n<meta property=\"og:site_name\" content=\"Pr\u00e9servons le plateau de Lachaud et Ch\u00e2teaugay\" \/>\n<meta property=\"article:published_time\" content=\"2026-01-25T16:57:14+00:00\" \/>\n<meta property=\"article:modified_time\" content=\"2026-01-28T11:17:31+00:00\" \/>\n<meta property=\"og:image\" content=\"https:\/\/plateaulachaud.fr\/wp-content\/uploads\/2026\/01\/Bulletin-aux-municipales-2026.png\" \/>\n\t<meta property=\"og:image:width\" content=\"1024\" \/>\n\t<meta property=\"og:image:height\" content=\"1024\" \/>\n\t<meta property=\"og:image:type\" content=\"image\/png\" \/>\n<meta name=\"author\" content=\"Plateau Lachaud Chateaugay\" \/>\n<meta name=\"twitter:card\" content=\"summary_large_image\" \/>\n<meta name=\"twitter:label1\" content=\"\u00c9crit par\" \/>\n\t<meta name=\"twitter:data1\" content=\"Plateau Lachaud Chateaugay\" \/>\n\t<meta name=\"twitter:label2\" content=\"Dur\u00e9e de lecture estim\u00e9e\" \/>\n\t<meta name=\"twitter:data2\" content=\"3 minutes\" \/>\n<script type=\"application\/ld+json\" class=\"yoast-schema-graph\">{\"@context\":\"https:\\\/\\\/schema.org\",\"@graph\":[{\"@type\":\"Article\",\"@id\":\"https:\\\/\\\/plateaulachaud.fr\\\/index.php\\\/2026\\\/01\\\/25\\\/municipales-2026-positionnement-des-listes-sur-le-projet-de-carriere\\\/#article\",\"isPartOf\":{\"@id\":\"https:\\\/\\\/plateaulachaud.fr\\\/index.php\\\/2026\\\/01\\\/25\\\/municipales-2026-positionnement-des-listes-sur-le-projet-de-carriere\\\/\"},\"author\":{\"name\":\"Plateau Lachaud Chateaugay\",\"@id\":\"https:\\\/\\\/plateaulachaud.fr\\\/#\\\/schema\\\/person\\\/013b3519bbc672f4c8b9fe394232c1b2\"},\"headline\":\"Municipales 2026 \u2013 Positionnement des listes sur le projet de carri\u00e8re\",\"datePublished\":\"2026-01-25T16:57:14+00:00\",\"dateModified\":\"2026-01-28T11:17:31+00:00\",\"mainEntityOfPage\":{\"@id\":\"https:\\\/\\\/plateaulachaud.fr\\\/index.php\\\/2026\\\/01\\\/25\\\/municipales-2026-positionnement-des-listes-sur-le-projet-de-carriere\\\/\"},\"wordCount\":894,\"publisher\":{\"@id\":\"https:\\\/\\\/plateaulachaud.fr\\\/#organization\"},\"image\":{\"@id\":\"https:\\\/\\\/plateaulachaud.fr\\\/index.php\\\/2026\\\/01\\\/25\\\/municipales-2026-positionnement-des-listes-sur-le-projet-de-carriere\\\/#primaryimage\"},\"thumbnailUrl\":\"https:\\\/\\\/i0.wp.com\\\/plateaulachaud.fr\\\/wp-content\\\/uploads\\\/2026\\\/01\\\/Bulletin-aux-municipales-2026.png?fit=1024%2C1024&ssl=1\",\"keywords\":[\"2026\",\"\u00e9lections\",\"municipales\"],\"articleSection\":[\"association\",\"informations\"],\"inLanguage\":\"fr-FR\"},{\"@type\":\"WebPage\",\"@id\":\"https:\\\/\\\/plateaulachaud.fr\\\/index.php\\\/2026\\\/01\\\/25\\\/municipales-2026-positionnement-des-listes-sur-le-projet-de-carriere\\\/\",\"url\":\"https:\\\/\\\/plateaulachaud.fr\\\/index.php\\\/2026\\\/01\\\/25\\\/municipales-2026-positionnement-des-listes-sur-le-projet-de-carriere\\\/\",\"name\":\"Municipales : positionnement des listes sur le projet de carri\u00e8re\",\"isPartOf\":{\"@id\":\"https:\\\/\\\/plateaulachaud.fr\\\/#website\"},\"primaryImageOfPage\":{\"@id\":\"https:\\\/\\\/plateaulachaud.fr\\\/index.php\\\/2026\\\/01\\\/25\\\/municipales-2026-positionnement-des-listes-sur-le-projet-de-carriere\\\/#primaryimage\"},\"image\":{\"@id\":\"https:\\\/\\\/plateaulachaud.fr\\\/index.php\\\/2026\\\/01\\\/25\\\/municipales-2026-positionnement-des-listes-sur-le-projet-de-carriere\\\/#primaryimage\"},\"thumbnailUrl\":\"https:\\\/\\\/i0.wp.com\\\/plateaulachaud.fr\\\/wp-content\\\/uploads\\\/2026\\\/01\\\/Bulletin-aux-municipales-2026.png?fit=1024%2C1024&ssl=1\",\"datePublished\":\"2026-01-25T16:57:14+00:00\",\"dateModified\":\"2026-01-28T11:17:31+00:00\",\"description\":\"Nous vous pr\u00e9sentons le positionnement, vis-\u00e0-vis du projet de carri\u00e8re, des listes aux \u00e9lections municipales de 2026.\",\"breadcrumb\":{\"@id\":\"https:\\\/\\\/plateaulachaud.fr\\\/index.php\\\/2026\\\/01\\\/25\\\/municipales-2026-positionnement-des-listes-sur-le-projet-de-carriere\\\/#breadcrumb\"},\"inLanguage\":\"fr-FR\",\"potentialAction\":[{\"@type\":\"ReadAction\",\"target\":[\"https:\\\/\\\/plateaulachaud.fr\\\/index.php\\\/2026\\\/01\\\/25\\\/municipales-2026-positionnement-des-listes-sur-le-projet-de-carriere\\\/\"]}]},{\"@type\":\"ImageObject\",\"inLanguage\":\"fr-FR\",\"@id\":\"https:\\\/\\\/plateaulachaud.fr\\\/index.php\\\/2026\\\/01\\\/25\\\/municipales-2026-positionnement-des-listes-sur-le-projet-de-carriere\\\/#primaryimage\",\"url\":\"https:\\\/\\\/i0.wp.com\\\/plateaulachaud.fr\\\/wp-content\\\/uploads\\\/2026\\\/01\\\/Bulletin-aux-municipales-2026.png?fit=1024%2C1024&ssl=1\",\"contentUrl\":\"https:\\\/\\\/i0.wp.com\\\/plateaulachaud.fr\\\/wp-content\\\/uploads\\\/2026\\\/01\\\/Bulletin-aux-municipales-2026.png?fit=1024%2C1024&ssl=1\",\"width\":1024,\"height\":1024,\"caption\":\"Bulletin aux municipales 2026\"},{\"@type\":\"BreadcrumbList\",\"@id\":\"https:\\\/\\\/plateaulachaud.fr\\\/index.php\\\/2026\\\/01\\\/25\\\/municipales-2026-positionnement-des-listes-sur-le-projet-de-carriere\\\/#breadcrumb\",\"itemListElement\":[{\"@type\":\"ListItem\",\"position\":1,\"name\":\"Accueil\",\"item\":\"https:\\\/\\\/plateaulachaud.fr\\\/\"},{\"@type\":\"ListItem\",\"position\":2,\"name\":\"Municipales 2026 \u2013 Positionnement des listes sur le projet de carri\u00e8re\"}]},{\"@type\":\"WebSite\",\"@id\":\"https:\\\/\\\/plateaulachaud.fr\\\/#website\",\"url\":\"https:\\\/\\\/plateaulachaud.fr\\\/\",\"name\":\"Pr\u00e9servons le plateau de Lachaud et Ch\u00e2teaugay\",\"description\":\"Non \u00e0 une nouvelle carri\u00e8re.\",\"publisher\":{\"@id\":\"https:\\\/\\\/plateaulachaud.fr\\\/#organization\"},\"potentialAction\":[{\"@type\":\"SearchAction\",\"target\":{\"@type\":\"EntryPoint\",\"urlTemplate\":\"https:\\\/\\\/plateaulachaud.fr\\\/?s={search_term_string}\"},\"query-input\":{\"@type\":\"PropertyValueSpecification\",\"valueRequired\":true,\"valueName\":\"search_term_string\"}}],\"inLanguage\":\"fr-FR\"},{\"@type\":\"Organization\",\"@id\":\"https:\\\/\\\/plateaulachaud.fr\\\/#organization\",\"name\":\"Pr\u00e9servons le Plateau de Lachaud et Ch\u00e2teaugay\",\"url\":\"https:\\\/\\\/plateaulachaud.fr\\\/\",\"logo\":{\"@type\":\"ImageObject\",\"inLanguage\":\"fr-FR\",\"@id\":\"https:\\\/\\\/plateaulachaud.fr\\\/#\\\/schema\\\/logo\\\/image\\\/\",\"url\":\"https:\\\/\\\/i2.wp.com\\\/plateaulachaud.fr\\\/wp-content\\\/uploads\\\/2019\\\/09\\\/Plateau-arc-en-ciel-PANO.jpg?fit=6235%2C1606&ssl=1\",\"contentUrl\":\"https:\\\/\\\/i2.wp.com\\\/plateaulachaud.fr\\\/wp-content\\\/uploads\\\/2019\\\/09\\\/Plateau-arc-en-ciel-PANO.jpg?fit=6235%2C1606&ssl=1\",\"width\":6235,\"height\":1606,\"caption\":\"Pr\u00e9servons le Plateau de Lachaud et Ch\u00e2teaugay\"},\"image\":{\"@id\":\"https:\\\/\\\/plateaulachaud.fr\\\/#\\\/schema\\\/logo\\\/image\\\/\"}},{\"@type\":\"Person\",\"@id\":\"https:\\\/\\\/plateaulachaud.fr\\\/#\\\/schema\\\/person\\\/013b3519bbc672f4c8b9fe394232c1b2\",\"name\":\"Plateau Lachaud Chateaugay\",\"image\":{\"@type\":\"ImageObject\",\"inLanguage\":\"fr-FR\",\"@id\":\"https:\\\/\\\/secure.gravatar.com\\\/avatar\\\/bed4b70c9efab4b41409d924840dcfe309085d1c7dc8c0cf8c390f6538e41baa?s=96&d=mm&r=g\",\"url\":\"https:\\\/\\\/secure.gravatar.com\\\/avatar\\\/bed4b70c9efab4b41409d924840dcfe309085d1c7dc8c0cf8c390f6538e41baa?s=96&d=mm&r=g\",\"contentUrl\":\"https:\\\/\\\/secure.gravatar.com\\\/avatar\\\/bed4b70c9efab4b41409d924840dcfe309085d1c7dc8c0cf8c390f6538e41baa?s=96&d=mm&r=g\",\"caption\":\"Plateau Lachaud Chateaugay\"}}]}<\/script>\n<!-- \/ Yoast SEO plugin. -->","yoast_head_json":{"title":"Municipales : positionnement des listes sur le projet de carri\u00e8re","description":"Nous vous pr\u00e9sentons le positionnement, vis-\u00e0-vis du projet de carri\u00e8re, des listes aux \u00e9lections municipales de 2026.","robots":{"index":"index","follow":"follow","max-snippet":"max-snippet:-1","max-image-preview":"max-image-preview:large","max-video-preview":"max-video-preview:-1"},"canonical":"https:\/\/plateaulachaud.fr\/index.php\/2026\/01\/25\/municipales-2026-positionnement-des-listes-sur-le-projet-de-carriere\/","og_locale":"fr_FR","og_type":"article","og_title":"Municipales : positionnement des listes sur le projet de carri\u00e8re","og_description":"Nous vous pr\u00e9sentons le positionnement, vis-\u00e0-vis du projet de carri\u00e8re, des listes aux \u00e9lections municipales de 2026.","og_url":"https:\/\/plateaulachaud.fr\/index.php\/2026\/01\/25\/municipales-2026-positionnement-des-listes-sur-le-projet-de-carriere\/","og_site_name":"Pr\u00e9servons le plateau de Lachaud et Ch\u00e2teaugay","article_published_time":"2026-01-25T16:57:14+00:00","article_modified_time":"2026-01-28T11:17:31+00:00","og_image":[{"width":1024,"height":1024,"url":"https:\/\/plateaulachaud.fr\/wp-content\/uploads\/2026\/01\/Bulletin-aux-municipales-2026.png","type":"image\/png"}],"author":"Plateau Lachaud Chateaugay","twitter_card":"summary_large_image","twitter_misc":{"\u00c9crit par":"Plateau Lachaud Chateaugay","Dur\u00e9e de lecture estim\u00e9e":"3 minutes"},"schema":{"@context":"https:\/\/schema.org","@graph":[{"@type":"Article","@id":"https:\/\/plateaulachaud.fr\/index.php\/2026\/01\/25\/municipales-2026-positionnement-des-listes-sur-le-projet-de-carriere\/#article","isPartOf":{"@id":"https:\/\/plateaulachaud.fr\/index.php\/2026\/01\/25\/municipales-2026-positionnement-des-listes-sur-le-projet-de-carriere\/"},"author":{"name":"Plateau Lachaud Chateaugay","@id":"https:\/\/plateaulachaud.fr\/#\/schema\/person\/013b3519bbc672f4c8b9fe394232c1b2"},"headline":"Municipales 2026 \u2013 Positionnement des listes sur le projet de carri\u00e8re","datePublished":"2026-01-25T16:57:14+00:00","dateModified":"2026-01-28T11:17:31+00:00","mainEntityOfPage":{"@id":"https:\/\/plateaulachaud.fr\/index.php\/2026\/01\/25\/municipales-2026-positionnement-des-listes-sur-le-projet-de-carriere\/"},"wordCount":894,"publisher":{"@id":"https:\/\/plateaulachaud.fr\/#organization"},"image":{"@id":"https:\/\/plateaulachaud.fr\/index.php\/2026\/01\/25\/municipales-2026-positionnement-des-listes-sur-le-projet-de-carriere\/#primaryimage"},"thumbnailUrl":"https:\/\/i0.wp.com\/plateaulachaud.fr\/wp-content\/uploads\/2026\/01\/Bulletin-aux-municipales-2026.png?fit=1024%2C1024&ssl=1","keywords":["2026","\u00e9lections","municipales"],"articleSection":["association","informations"],"inLanguage":"fr-FR"},{"@type":"WebPage","@id":"https:\/\/plateaulachaud.fr\/index.php\/2026\/01\/25\/municipales-2026-positionnement-des-listes-sur-le-projet-de-carriere\/","url":"https:\/\/plateaulachaud.fr\/index.php\/2026\/01\/25\/municipales-2026-positionnement-des-listes-sur-le-projet-de-carriere\/","name":"Municipales : positionnement des listes sur le projet de carri\u00e8re","isPartOf":{"@id":"https:\/\/plateaulachaud.fr\/#website"},"primaryImageOfPage":{"@id":"https:\/\/plateaulachaud.fr\/index.php\/2026\/01\/25\/municipales-2026-positionnement-des-listes-sur-le-projet-de-carriere\/#primaryimage"},"image":{"@id":"https:\/\/plateaulachaud.fr\/index.php\/2026\/01\/25\/municipales-2026-positionnement-des-listes-sur-le-projet-de-carriere\/#primaryimage"},"thumbnailUrl":"https:\/\/i0.wp.com\/plateaulachaud.fr\/wp-content\/uploads\/2026\/01\/Bulletin-aux-municipales-2026.png?fit=1024%2C1024&ssl=1","datePublished":"2026-01-25T16:57:14+00:00","dateModified":"2026-01-28T11:17:31+00:00","description":"Nous vous pr\u00e9sentons le positionnement, vis-\u00e0-vis du projet de carri\u00e8re, des listes aux \u00e9lections municipales de 2026.","breadcrumb":{"@id":"https:\/\/plateaulachaud.fr\/index.php\/2026\/01\/25\/municipales-2026-positionnement-des-listes-sur-le-projet-de-carriere\/#breadcrumb"},"inLanguage":"fr-FR","potentialAction":[{"@type":"ReadAction","target":["https:\/\/plateaulachaud.fr\/index.php\/2026\/01\/25\/municipales-2026-positionnement-des-listes-sur-le-projet-de-carriere\/"]}]},{"@type":"ImageObject","inLanguage":"fr-FR","@id":"https:\/\/plateaulachaud.fr\/index.php\/2026\/01\/25\/municipales-2026-positionnement-des-listes-sur-le-projet-de-carriere\/#primaryimage","url":"https:\/\/i0.wp.com\/plateaulachaud.fr\/wp-content\/uploads\/2026\/01\/Bulletin-aux-municipales-2026.png?fit=1024%2C1024&ssl=1","contentUrl":"https:\/\/i0.wp.com\/plateaulachaud.fr\/wp-content\/uploads\/2026\/01\/Bulletin-aux-municipales-2026.png?fit=1024%2C1024&ssl=1","width":1024,"height":1024,"caption":"Bulletin aux municipales 2026"},{"@type":"BreadcrumbList","@id":"https:\/\/plateaulachaud.fr\/index.php\/2026\/01\/25\/municipales-2026-positionnement-des-listes-sur-le-projet-de-carriere\/#breadcrumb","itemListElement":[{"@type":"ListItem","position":1,"name":"Accueil","item":"https:\/\/plateaulachaud.fr\/"},{"@type":"ListItem","position":2,"name":"Municipales 2026 \u2013 Positionnement des listes sur le projet de carri\u00e8re"}]},{"@type":"WebSite","@id":"https:\/\/plateaulachaud.fr\/#website","url":"https:\/\/plateaulachaud.fr\/","name":"Pr\u00e9servons le plateau de Lachaud et Ch\u00e2teaugay","description":"Non \u00e0 une nouvelle carri\u00e8re.","publisher":{"@id":"https:\/\/plateaulachaud.fr\/#organization"},"potentialAction":[{"@type":"SearchAction","target":{"@type":"EntryPoint","urlTemplate":"https:\/\/plateaulachaud.fr\/?s={search_term_string}"},"query-input":{"@type":"PropertyValueSpecification","valueRequired":true,"valueName":"search_term_string"}}],"inLanguage":"fr-FR"},{"@type":"Organization","@id":"https:\/\/plateaulachaud.fr\/#organization","name":"Pr\u00e9servons le Plateau de Lachaud et Ch\u00e2teaugay","url":"https:\/\/plateaulachaud.fr\/","logo":{"@type":"ImageObject","inLanguage":"fr-FR","@id":"https:\/\/plateaulachaud.fr\/#\/schema\/logo\/image\/","url":"https:\/\/i2.wp.com\/plateaulachaud.fr\/wp-content\/uploads\/2019\/09\/Plateau-arc-en-ciel-PANO.jpg?fit=6235%2C1606&ssl=1","contentUrl":"https:\/\/i2.wp.com\/plateaulachaud.fr\/wp-content\/uploads\/2019\/09\/Plateau-arc-en-ciel-PANO.jpg?fit=6235%2C1606&ssl=1","width":6235,"height":1606,"caption":"Pr\u00e9servons le Plateau de Lachaud et Ch\u00e2teaugay"},"image":{"@id":"https:\/\/plateaulachaud.fr\/#\/schema\/logo\/image\/"}},{"@type":"Person","@id":"https:\/\/plateaulachaud.fr\/#\/schema\/person\/013b3519bbc672f4c8b9fe394232c1b2","name":"Plateau Lachaud Chateaugay","image":{"@type":"ImageObject","inLanguage":"fr-FR","@id":"https:\/\/secure.gravatar.com\/avatar\/bed4b70c9efab4b41409d924840dcfe309085d1c7dc8c0cf8c390f6538e41baa?s=96&d=mm&r=g","url":"https:\/\/secure.gravatar.com\/avatar\/bed4b70c9efab4b41409d924840dcfe309085d1c7dc8c0cf8c390f6538e41baa?s=96&d=mm&r=g","contentUrl":"https:\/\/secure.gravatar.com\/avatar\/bed4b70c9efab4b41409d924840dcfe309085d1c7dc8c0cf8c390f6538e41baa?s=96&d=mm&r=g","caption":"Plateau Lachaud Chateaugay"}}]}},"jetpack_featured_media_url":"https:\/\/i0.wp.com\/plateaulachaud.fr\/wp-content\/uploads\/2026\/01\/Bulletin-aux-municipales-2026.png?fit=1024%2C1024&ssl=1","jetpack_sharing_enabled":true,"_links":{"self":[{"href":"https:\/\/plateaulachaud.fr\/index.php\/wp-json\/wp\/v2\/posts\/1897","targetHints":{"allow":["GET"]}}],"collection":[{"href":"https:\/\/plateaulachaud.fr\/index.php\/wp-json\/wp\/v2\/posts"}],"about":[{"href":"https:\/\/plateaulachaud.fr\/index.php\/wp-json\/wp\/v2\/types\/post"}],"author":[{"embeddable":true,"href":"https:\/\/plateaulachaud.fr\/index.php\/wp-json\/wp\/v2\/users\/1"}],"replies":[{"embeddable":true,"href":"https:\/\/plateaulachaud.fr\/index.php\/wp-json\/wp\/v2\/comments?post=1897"}],"version-history":[{"count":14,"href":"https:\/\/plateaulachaud.fr\/index.php\/wp-json\/wp\/v2\/posts\/1897\/revisions"}],"predecessor-version":[{"id":1918,"href":"https:\/\/plateaulachaud.fr\/index.php\/wp-json\/wp\/v2\/posts\/1897\/revisions\/1918"}],"wp:featuredmedia":[{"embeddable":true,"href":"https:\/\/plateaulachaud.fr\/index.php\/wp-json\/wp\/v2\/media\/1901"}],"wp:attachment":[{"href":"https:\/\/plateaulachaud.fr\/index.php\/wp-json\/wp\/v2\/media?parent=1897"}],"wp:term":[{"taxonomy":"category","embeddable":true,"href":"https:\/\/plateaulachaud.fr\/index.php\/wp-json\/wp\/v2\/categories?post=1897"},{"taxonomy":"post_tag","embeddable":true,"href":"https:\/\/plateaulachaud.fr\/index.php\/wp-json\/wp\/v2\/tags?post=1897"}],"curies":[{"name":"wp","href":"https:\/\/api.w.org\/{rel}","templated":true}]}}