{"id":1875,"date":"2025-09-19T22:02:17","date_gmt":"2025-09-19T20:02:17","guid":{"rendered":"https:\/\/plateaulachaud.fr\/?p=1875"},"modified":"2025-09-19T22:02:20","modified_gmt":"2025-09-19T20:02:20","slug":"commission-denquete-plui-et-zonage-du-projet-de-carriere","status":"publish","type":"post","link":"https:\/\/plateaulachaud.fr\/index.php\/2025\/09\/19\/commission-denquete-plui-et-zonage-du-projet-de-carriere\/","title":{"rendered":"Commission d&rsquo;enqu\u00eate PLUI et zonage du projet de carri\u00e8re"},"content":{"rendered":"\n<p>Bonjour \u00e0 toutes et tous,<a href=\"https:\/\/plu.clermontmetropole.eu\/actualites\/mise-en-ligne-du-rapport-et-des-conclusions\/\" target=\"_blank\" rel=\"noreferrer noopener\"> <strong><u>le rapport et les conclusions de la commission d&rsquo;enqu\u00eate PLUI ont \u00e9t\u00e9 publi\u00e9s !<\/u><\/strong><\/a><strong> Sans surprise, Clermont Auvergne M\u00e9tropole envisage de conserver le zonage N2*C<\/strong>\u00a0et nous n&rsquo;avons pas eu gain de cause \u00e0 ce stade (<a href=\"https:\/\/plateaulachaud.fr\/index.php\/2025\/03\/24\/enquete-publique-sur-le-plui-apres-notre-avocat-a-vous-de-jouer\/\" target=\"_blank\" rel=\"noreferrer noopener\">lire notre article avec les remarques de notre avocat<\/a>), mais rien n&rsquo;est perdu !<\/p>\n\n\n\n<p>En effet, <strong>gr\u00e2ce \u00e0 votre implication majeure, nous avons pu faire entendre nos voix<\/strong>\u00a0et rendre visible notre combat aupr\u00e8s de la commission d&rsquo;enqu\u00eate. Cette derni\u00e8re a en effet conclu que des preuves suppl\u00e9mentaires devraient \u00eatre apport\u00e9es concernant les alternatives et que nos contributions devront \u00eatre prises en compte si une demande d&rsquo;ouverture de carri\u00e8re est d\u00e9pos\u00e9e. <\/p>\n\n\n\n<h2 class=\"wp-block-heading\">De\u00a0tr\u00e8s nombreuses et vives oppositions remarqu\u00e9es par la Commission d&rsquo;enqu\u00eate PLUI<\/h2>\n\n\n\n<p><strong><u>Encore merci \u00e0 tous pour votre forte mobilisation pour cette enqu\u00eate, vos contributions sont autant de cailloux en plus dans leur chaussure !<\/u><\/strong><\/p>\n\n\n\n<p>En effet, le rapport souligne le soutien au projet d&rsquo;un \u00ab\u00a0<em>nombre limit\u00e9 de contributeurs<\/em>\u00a0\u00bb avec \u00ab\u00a0<em>8 contributions favorables<\/em>\u00a0\u00bb , alors que le \u00ab\u00a0<em>projet cristallise de<\/em><strong><em>\u00a0tr\u00e8s nombreuses et vives oppositions sous forme de 223 contributions<\/em><\/strong><em>\u00a0\u00ab\u00a0<\/em>Les arguments donn\u00e9s en faveur de ce projet portent sur les \u00ab\u00a0<em>besoins en mat\u00e9riaux\u00a0\u00bb<\/em>, sur la proximit\u00e9 des lieux de consommation\/production, et une \u00ab\u00a0<em>potentialit\u00e9\u00a0de pollution ridicule\u00a0\u00bb<\/em>. Concernant les contributions en opposition au projet, le rapport pr\u00e9cise qu&rsquo;elles sont \u00ab\u00a0<strong><em>tr\u00e8s largement argument\u00e9es<\/em><\/strong>\u00ab\u00a0, et font r\u00e9f\u00e9rence \u00e0 l&rsquo;impact \u00e9cologique, paysager ou encore patrimonial d&rsquo;un tel projet sur le plateau de Lachaud. Ces contributions remettent en cause les besoins r\u00e9els en mat\u00e9riaux et l&rsquo;absence de recyclage. Enfin, le rapport souligne une \u00ab\u00a0<strong><em>contribution claire et pr\u00e9cise d&rsquo;un sp\u00e9cialiste g\u00e9ologue (N\u00b0 825)<\/em><\/strong><em>\u00a0rappelant, de plus, le r\u00f4le de stockage des eaux pluviales du Plateau de Lachaud\u00a0\u00bb<\/em>, et \u00ab\u00a0<em>les contradictions avec les objectifs du PADD de \u00ab prendre soin du bien commun : la biodiversit\u00e9 et les ressources naturelles<\/em>\u00ab\u00a0.<\/p>\n\n\n\n<figure class=\"wp-block-image size-full\"><img data-recalc-dims=\"1\" loading=\"lazy\" decoding=\"async\" width=\"545\" height=\"687\" src=\"https:\/\/i0.wp.com\/plateaulachaud.fr\/wp-content\/uploads\/2025\/09\/Capture-Zonage-PLUi-Parcelles-Mairie-Legende.png?resize=545%2C687&#038;ssl=1\" alt=\"\" class=\"wp-image-1878\" srcset=\"https:\/\/i0.wp.com\/plateaulachaud.fr\/wp-content\/uploads\/2025\/09\/Capture-Zonage-PLUi-Parcelles-Mairie-Legende.png?w=545&amp;ssl=1 545w, https:\/\/i0.wp.com\/plateaulachaud.fr\/wp-content\/uploads\/2025\/09\/Capture-Zonage-PLUi-Parcelles-Mairie-Legende.png?resize=238%2C300&amp;ssl=1 238w, https:\/\/i0.wp.com\/plateaulachaud.fr\/wp-content\/uploads\/2025\/09\/Capture-Zonage-PLUi-Parcelles-Mairie-Legende.png?resize=214%2C270&amp;ssl=1 214w\" sizes=\"auto, (max-width: 545px) 100vw, 545px\" \/><\/figure>\n\n\n\n<h2 class=\"wp-block-heading\">Des arguments qui ne tiennent pas !<\/h2>\n\n\n\n<p>Clermont Auvergne M\u00e9tropole r\u00e9pond qu&rsquo;elle entend \u00ab\u00a0<em>maintenir le zonage N2*c sur la commune\u00a0\u00bb <\/em>et fait r\u00e9f\u00e9rence au d\u00e9veloppement d&rsquo;une \u00ab\u00a0<em>fili\u00e8re locale\u00a0\u00bb <\/em>de production \/ consommation, d&rsquo;un \u00ab\u00a0<em>d\u00e9ficit en mat\u00e9riaux qui sera amen\u00e9 \u00e0 fortement s&rsquo;accentuer\u00a0\u00bb<\/em>\u00a0\u00e0 cause de la fermeture de plusieurs carri\u00e8res d&rsquo;ici 2031, et de l&rsquo;arr\u00eat en 2026 de la carri\u00e8re actuelle de Ch\u00e2teaugay. La CAM indique que ce projet venant \u00ab\u00a0<em>en report de la carri\u00e8re existante [..] soit un impact similaire sur la circulation<\/em>\u00a0et pr\u00e9cise que des \u00e9tudes sont en cours pour \u00e9valuer les impacts de ce projet de carri\u00e8re.\u00a0<strong>Comme vous le savez, nous avons d\u00e9j\u00e0 r\u00e9pondu \u00e0 tous ces\u00a0arguments qui ne tiennent pas selon nous.<\/strong><\/p>\n\n\n\n<h2 class=\"wp-block-heading\">Quelle est l&rsquo;acceptabilit\u00e9 sociale du projet ?<\/h2>\n\n\n\n<p>En conclusion, la commission pr\u00e9cise qu&rsquo;il devra \u00eatre pr\u00e9cis\u00e9 lors de l&rsquo;\u00e9tude d&rsquo;impact pr\u00e9alable \u00e0 l&rsquo;enqu\u00eate ICPE en vue de l\u2019autorisation pr\u00e9fectorale du projet si <strong>des alternatives ont r\u00e9ellement \u00e9t\u00e9 recherch\u00e9es depuis la gen\u00e8se de projet ancien (1994 &#8211; plus de 30 ans !). <\/strong>Elle pr\u00e9cise \u00e9galement que \u00ab\u00a0<em>L\u2019enqu\u00eate devra alors mettre en \u00e9vidence<\/em><strong><em>\u00a0l\u2019acceptabilit\u00e9 sociale du projet<\/em><\/strong><em>. <\/em><strong><em>Les contributions \u00e0 la pr\u00e9sente enqu\u00eate d\u00e9montrent que c\u2019est loin d\u2019\u00eatre le cas aujourd\u2019hui.<\/em><\/strong>\u00ab\u00a0<\/p>\n\n\n\n<p><strong>Le combat continue !<\/strong><\/p>\n","protected":false},"excerpt":{"rendered":"<p>Bonjour \u00e0 toutes et tous, le rapport et les conclusions de la commission d&rsquo;enqu\u00eate PLUI ont \u00e9t\u00e9 publi\u00e9s ! Sans surprise, Clermont Auvergne M\u00e9tropole envisage de conserver le zonage N2*C\u00a0et nous n&rsquo;avons pas eu gain de cause \u00e0 ce stade (lire notre article avec les remarques de notre avocat), mais rien n&rsquo;est perdu ! En effet, gr\u00e2ce \u00e0 votre implication majeure, nous avons pu faire entendre nos voix\u00a0et rendre visible notre combat aupr\u00e8s de la commission d&rsquo;enqu\u00eate. Cette derni\u00e8re a&#8230;<\/p>\n<p class=\"read-more\"><a class=\"btn btn-default\" href=\"https:\/\/plateaulachaud.fr\/index.php\/2025\/09\/19\/commission-denquete-plui-et-zonage-du-projet-de-carriere\/\">Lire la suite<span class=\"screen-reader-text\"> Lire la suite<\/span><\/a><\/p>\n","protected":false},"author":1,"featured_media":1877,"comment_status":"closed","ping_status":"open","sticky":false,"template":"","format":"standard","meta":{"_jetpack_memberships_contains_paid_content":false,"footnotes":""},"categories":[5,2],"tags":[139,137,59],"class_list":["post-1875","post","type-post","status-publish","format-standard","has-post-thumbnail","hentry","category-association","category-informations","tag-commission","tag-enquete-2","tag-plui"],"yoast_head":"<!-- This site is optimized with the Yoast SEO plugin v27.5 - https:\/\/yoast.com\/product\/yoast-seo-wordpress\/ -->\n<title>Commission d&#039;enqu\u00eate PLUI et zonage du projet de carri\u00e8re - Pr\u00e9servons le plateau de Lachaud et Ch\u00e2teaugay<\/title>\n<meta name=\"description\" content=\"Le rapport et les conclusions de la commission d&#039;enqu\u00eate PLUI ont \u00e9t\u00e9 publi\u00e9s ! Merci pour vos contributions d\u00e9taill\u00e9es.\" \/>\n<meta name=\"robots\" content=\"index, follow, max-snippet:-1, max-image-preview:large, max-video-preview:-1\" \/>\n<link rel=\"canonical\" href=\"https:\/\/plateaulachaud.fr\/index.php\/2025\/09\/19\/commission-denquete-plui-et-zonage-du-projet-de-carriere\/\" \/>\n<meta property=\"og:locale\" content=\"fr_FR\" \/>\n<meta property=\"og:type\" content=\"article\" \/>\n<meta property=\"og:title\" content=\"Commission d&#039;enqu\u00eate PLUI et zonage du projet de carri\u00e8re - Pr\u00e9servons le plateau de Lachaud et Ch\u00e2teaugay\" \/>\n<meta property=\"og:description\" content=\"Le rapport et les conclusions de la commission d&#039;enqu\u00eate PLUI ont \u00e9t\u00e9 publi\u00e9s ! Merci pour vos contributions d\u00e9taill\u00e9es.\" \/>\n<meta property=\"og:url\" content=\"https:\/\/plateaulachaud.fr\/index.php\/2025\/09\/19\/commission-denquete-plui-et-zonage-du-projet-de-carriere\/\" \/>\n<meta property=\"og:site_name\" content=\"Pr\u00e9servons le plateau de Lachaud et Ch\u00e2teaugay\" \/>\n<meta property=\"article:published_time\" content=\"2025-09-19T20:02:17+00:00\" \/>\n<meta property=\"article:modified_time\" content=\"2025-09-19T20:02:20+00:00\" \/>\n<meta property=\"og:image\" content=\"https:\/\/plateaulachaud.fr\/wp-content\/uploads\/2025\/09\/Capture-Zonage-PLUi-Tract.png\" \/>\n\t<meta property=\"og:image:width\" content=\"868\" \/>\n\t<meta property=\"og:image:height\" content=\"638\" \/>\n\t<meta property=\"og:image:type\" content=\"image\/png\" \/>\n<meta name=\"author\" content=\"Plateau Lachaud Chateaugay\" \/>\n<meta name=\"twitter:card\" content=\"summary_large_image\" \/>\n<meta name=\"twitter:label1\" content=\"\u00c9crit par\" \/>\n\t<meta name=\"twitter:data1\" content=\"Plateau Lachaud Chateaugay\" \/>\n\t<meta name=\"twitter:label2\" content=\"Dur\u00e9e de lecture estim\u00e9e\" \/>\n\t<meta name=\"twitter:data2\" content=\"3 minutes\" \/>\n<script type=\"application\/ld+json\" class=\"yoast-schema-graph\">{\"@context\":\"https:\\\/\\\/schema.org\",\"@graph\":[{\"@type\":\"Article\",\"@id\":\"https:\\\/\\\/plateaulachaud.fr\\\/index.php\\\/2025\\\/09\\\/19\\\/commission-denquete-plui-et-zonage-du-projet-de-carriere\\\/#article\",\"isPartOf\":{\"@id\":\"https:\\\/\\\/plateaulachaud.fr\\\/index.php\\\/2025\\\/09\\\/19\\\/commission-denquete-plui-et-zonage-du-projet-de-carriere\\\/\"},\"author\":{\"name\":\"Plateau Lachaud Chateaugay\",\"@id\":\"https:\\\/\\\/plateaulachaud.fr\\\/#\\\/schema\\\/person\\\/013b3519bbc672f4c8b9fe394232c1b2\"},\"headline\":\"Commission d&rsquo;enqu\u00eate PLUI et zonage du projet de carri\u00e8re\",\"datePublished\":\"2025-09-19T20:02:17+00:00\",\"dateModified\":\"2025-09-19T20:02:20+00:00\",\"mainEntityOfPage\":{\"@id\":\"https:\\\/\\\/plateaulachaud.fr\\\/index.php\\\/2025\\\/09\\\/19\\\/commission-denquete-plui-et-zonage-du-projet-de-carriere\\\/\"},\"wordCount\":583,\"publisher\":{\"@id\":\"https:\\\/\\\/plateaulachaud.fr\\\/#organization\"},\"image\":{\"@id\":\"https:\\\/\\\/plateaulachaud.fr\\\/index.php\\\/2025\\\/09\\\/19\\\/commission-denquete-plui-et-zonage-du-projet-de-carriere\\\/#primaryimage\"},\"thumbnailUrl\":\"https:\\\/\\\/i0.wp.com\\\/plateaulachaud.fr\\\/wp-content\\\/uploads\\\/2025\\\/09\\\/Capture-Zonage-PLUi-Tract.png?fit=868%2C638&ssl=1\",\"keywords\":[\"commission\",\"enqu\u00eate\",\"plui\"],\"articleSection\":[\"association\",\"informations\"],\"inLanguage\":\"fr-FR\"},{\"@type\":\"WebPage\",\"@id\":\"https:\\\/\\\/plateaulachaud.fr\\\/index.php\\\/2025\\\/09\\\/19\\\/commission-denquete-plui-et-zonage-du-projet-de-carriere\\\/\",\"url\":\"https:\\\/\\\/plateaulachaud.fr\\\/index.php\\\/2025\\\/09\\\/19\\\/commission-denquete-plui-et-zonage-du-projet-de-carriere\\\/\",\"name\":\"Commission d'enqu\u00eate PLUI et zonage du projet de carri\u00e8re - Pr\u00e9servons le plateau de Lachaud et Ch\u00e2teaugay\",\"isPartOf\":{\"@id\":\"https:\\\/\\\/plateaulachaud.fr\\\/#website\"},\"primaryImageOfPage\":{\"@id\":\"https:\\\/\\\/plateaulachaud.fr\\\/index.php\\\/2025\\\/09\\\/19\\\/commission-denquete-plui-et-zonage-du-projet-de-carriere\\\/#primaryimage\"},\"image\":{\"@id\":\"https:\\\/\\\/plateaulachaud.fr\\\/index.php\\\/2025\\\/09\\\/19\\\/commission-denquete-plui-et-zonage-du-projet-de-carriere\\\/#primaryimage\"},\"thumbnailUrl\":\"https:\\\/\\\/i0.wp.com\\\/plateaulachaud.fr\\\/wp-content\\\/uploads\\\/2025\\\/09\\\/Capture-Zonage-PLUi-Tract.png?fit=868%2C638&ssl=1\",\"datePublished\":\"2025-09-19T20:02:17+00:00\",\"dateModified\":\"2025-09-19T20:02:20+00:00\",\"description\":\"Le rapport et les conclusions de la commission d'enqu\u00eate PLUI ont \u00e9t\u00e9 publi\u00e9s ! Merci pour vos contributions d\u00e9taill\u00e9es.\",\"breadcrumb\":{\"@id\":\"https:\\\/\\\/plateaulachaud.fr\\\/index.php\\\/2025\\\/09\\\/19\\\/commission-denquete-plui-et-zonage-du-projet-de-carriere\\\/#breadcrumb\"},\"inLanguage\":\"fr-FR\",\"potentialAction\":[{\"@type\":\"ReadAction\",\"target\":[\"https:\\\/\\\/plateaulachaud.fr\\\/index.php\\\/2025\\\/09\\\/19\\\/commission-denquete-plui-et-zonage-du-projet-de-carriere\\\/\"]}]},{\"@type\":\"ImageObject\",\"inLanguage\":\"fr-FR\",\"@id\":\"https:\\\/\\\/plateaulachaud.fr\\\/index.php\\\/2025\\\/09\\\/19\\\/commission-denquete-plui-et-zonage-du-projet-de-carriere\\\/#primaryimage\",\"url\":\"https:\\\/\\\/i0.wp.com\\\/plateaulachaud.fr\\\/wp-content\\\/uploads\\\/2025\\\/09\\\/Capture-Zonage-PLUi-Tract.png?fit=868%2C638&ssl=1\",\"contentUrl\":\"https:\\\/\\\/i0.wp.com\\\/plateaulachaud.fr\\\/wp-content\\\/uploads\\\/2025\\\/09\\\/Capture-Zonage-PLUi-Tract.png?fit=868%2C638&ssl=1\",\"width\":868,\"height\":638,\"caption\":\"Projet de carri\u00e8re \u00e0 Ch\u00e2teaugay - Zonage PLUi\"},{\"@type\":\"BreadcrumbList\",\"@id\":\"https:\\\/\\\/plateaulachaud.fr\\\/index.php\\\/2025\\\/09\\\/19\\\/commission-denquete-plui-et-zonage-du-projet-de-carriere\\\/#breadcrumb\",\"itemListElement\":[{\"@type\":\"ListItem\",\"position\":1,\"name\":\"Accueil\",\"item\":\"https:\\\/\\\/plateaulachaud.fr\\\/\"},{\"@type\":\"ListItem\",\"position\":2,\"name\":\"Commission d&rsquo;enqu\u00eate PLUI et zonage du projet de carri\u00e8re\"}]},{\"@type\":\"WebSite\",\"@id\":\"https:\\\/\\\/plateaulachaud.fr\\\/#website\",\"url\":\"https:\\\/\\\/plateaulachaud.fr\\\/\",\"name\":\"Pr\u00e9servons le plateau de Lachaud et Ch\u00e2teaugay\",\"description\":\"Non \u00e0 une nouvelle carri\u00e8re.\",\"publisher\":{\"@id\":\"https:\\\/\\\/plateaulachaud.fr\\\/#organization\"},\"potentialAction\":[{\"@type\":\"SearchAction\",\"target\":{\"@type\":\"EntryPoint\",\"urlTemplate\":\"https:\\\/\\\/plateaulachaud.fr\\\/?s={search_term_string}\"},\"query-input\":{\"@type\":\"PropertyValueSpecification\",\"valueRequired\":true,\"valueName\":\"search_term_string\"}}],\"inLanguage\":\"fr-FR\"},{\"@type\":\"Organization\",\"@id\":\"https:\\\/\\\/plateaulachaud.fr\\\/#organization\",\"name\":\"Pr\u00e9servons le Plateau de Lachaud et Ch\u00e2teaugay\",\"url\":\"https:\\\/\\\/plateaulachaud.fr\\\/\",\"logo\":{\"@type\":\"ImageObject\",\"inLanguage\":\"fr-FR\",\"@id\":\"https:\\\/\\\/plateaulachaud.fr\\\/#\\\/schema\\\/logo\\\/image\\\/\",\"url\":\"https:\\\/\\\/i2.wp.com\\\/plateaulachaud.fr\\\/wp-content\\\/uploads\\\/2019\\\/09\\\/Plateau-arc-en-ciel-PANO.jpg?fit=6235%2C1606&ssl=1\",\"contentUrl\":\"https:\\\/\\\/i2.wp.com\\\/plateaulachaud.fr\\\/wp-content\\\/uploads\\\/2019\\\/09\\\/Plateau-arc-en-ciel-PANO.jpg?fit=6235%2C1606&ssl=1\",\"width\":6235,\"height\":1606,\"caption\":\"Pr\u00e9servons le Plateau de Lachaud et Ch\u00e2teaugay\"},\"image\":{\"@id\":\"https:\\\/\\\/plateaulachaud.fr\\\/#\\\/schema\\\/logo\\\/image\\\/\"}},{\"@type\":\"Person\",\"@id\":\"https:\\\/\\\/plateaulachaud.fr\\\/#\\\/schema\\\/person\\\/013b3519bbc672f4c8b9fe394232c1b2\",\"name\":\"Plateau Lachaud Chateaugay\",\"image\":{\"@type\":\"ImageObject\",\"inLanguage\":\"fr-FR\",\"@id\":\"https:\\\/\\\/secure.gravatar.com\\\/avatar\\\/bed4b70c9efab4b41409d924840dcfe309085d1c7dc8c0cf8c390f6538e41baa?s=96&d=mm&r=g\",\"url\":\"https:\\\/\\\/secure.gravatar.com\\\/avatar\\\/bed4b70c9efab4b41409d924840dcfe309085d1c7dc8c0cf8c390f6538e41baa?s=96&d=mm&r=g\",\"contentUrl\":\"https:\\\/\\\/secure.gravatar.com\\\/avatar\\\/bed4b70c9efab4b41409d924840dcfe309085d1c7dc8c0cf8c390f6538e41baa?s=96&d=mm&r=g\",\"caption\":\"Plateau Lachaud Chateaugay\"}}]}<\/script>\n<!-- \/ Yoast SEO plugin. -->","yoast_head_json":{"title":"Commission d'enqu\u00eate PLUI et zonage du projet de carri\u00e8re - Pr\u00e9servons le plateau de Lachaud et Ch\u00e2teaugay","description":"Le rapport et les conclusions de la commission d'enqu\u00eate PLUI ont \u00e9t\u00e9 publi\u00e9s ! Merci pour vos contributions d\u00e9taill\u00e9es.","robots":{"index":"index","follow":"follow","max-snippet":"max-snippet:-1","max-image-preview":"max-image-preview:large","max-video-preview":"max-video-preview:-1"},"canonical":"https:\/\/plateaulachaud.fr\/index.php\/2025\/09\/19\/commission-denquete-plui-et-zonage-du-projet-de-carriere\/","og_locale":"fr_FR","og_type":"article","og_title":"Commission d'enqu\u00eate PLUI et zonage du projet de carri\u00e8re - Pr\u00e9servons le plateau de Lachaud et Ch\u00e2teaugay","og_description":"Le rapport et les conclusions de la commission d'enqu\u00eate PLUI ont \u00e9t\u00e9 publi\u00e9s ! Merci pour vos contributions d\u00e9taill\u00e9es.","og_url":"https:\/\/plateaulachaud.fr\/index.php\/2025\/09\/19\/commission-denquete-plui-et-zonage-du-projet-de-carriere\/","og_site_name":"Pr\u00e9servons le plateau de Lachaud et Ch\u00e2teaugay","article_published_time":"2025-09-19T20:02:17+00:00","article_modified_time":"2025-09-19T20:02:20+00:00","og_image":[{"width":868,"height":638,"url":"https:\/\/plateaulachaud.fr\/wp-content\/uploads\/2025\/09\/Capture-Zonage-PLUi-Tract.png","type":"image\/png"}],"author":"Plateau Lachaud Chateaugay","twitter_card":"summary_large_image","twitter_misc":{"\u00c9crit par":"Plateau Lachaud Chateaugay","Dur\u00e9e de lecture estim\u00e9e":"3 minutes"},"schema":{"@context":"https:\/\/schema.org","@graph":[{"@type":"Article","@id":"https:\/\/plateaulachaud.fr\/index.php\/2025\/09\/19\/commission-denquete-plui-et-zonage-du-projet-de-carriere\/#article","isPartOf":{"@id":"https:\/\/plateaulachaud.fr\/index.php\/2025\/09\/19\/commission-denquete-plui-et-zonage-du-projet-de-carriere\/"},"author":{"name":"Plateau Lachaud Chateaugay","@id":"https:\/\/plateaulachaud.fr\/#\/schema\/person\/013b3519bbc672f4c8b9fe394232c1b2"},"headline":"Commission d&rsquo;enqu\u00eate PLUI et zonage du projet de carri\u00e8re","datePublished":"2025-09-19T20:02:17+00:00","dateModified":"2025-09-19T20:02:20+00:00","mainEntityOfPage":{"@id":"https:\/\/plateaulachaud.fr\/index.php\/2025\/09\/19\/commission-denquete-plui-et-zonage-du-projet-de-carriere\/"},"wordCount":583,"publisher":{"@id":"https:\/\/plateaulachaud.fr\/#organization"},"image":{"@id":"https:\/\/plateaulachaud.fr\/index.php\/2025\/09\/19\/commission-denquete-plui-et-zonage-du-projet-de-carriere\/#primaryimage"},"thumbnailUrl":"https:\/\/i0.wp.com\/plateaulachaud.fr\/wp-content\/uploads\/2025\/09\/Capture-Zonage-PLUi-Tract.png?fit=868%2C638&ssl=1","keywords":["commission","enqu\u00eate","plui"],"articleSection":["association","informations"],"inLanguage":"fr-FR"},{"@type":"WebPage","@id":"https:\/\/plateaulachaud.fr\/index.php\/2025\/09\/19\/commission-denquete-plui-et-zonage-du-projet-de-carriere\/","url":"https:\/\/plateaulachaud.fr\/index.php\/2025\/09\/19\/commission-denquete-plui-et-zonage-du-projet-de-carriere\/","name":"Commission d'enqu\u00eate PLUI et zonage du projet de carri\u00e8re - Pr\u00e9servons le plateau de Lachaud et Ch\u00e2teaugay","isPartOf":{"@id":"https:\/\/plateaulachaud.fr\/#website"},"primaryImageOfPage":{"@id":"https:\/\/plateaulachaud.fr\/index.php\/2025\/09\/19\/commission-denquete-plui-et-zonage-du-projet-de-carriere\/#primaryimage"},"image":{"@id":"https:\/\/plateaulachaud.fr\/index.php\/2025\/09\/19\/commission-denquete-plui-et-zonage-du-projet-de-carriere\/#primaryimage"},"thumbnailUrl":"https:\/\/i0.wp.com\/plateaulachaud.fr\/wp-content\/uploads\/2025\/09\/Capture-Zonage-PLUi-Tract.png?fit=868%2C638&ssl=1","datePublished":"2025-09-19T20:02:17+00:00","dateModified":"2025-09-19T20:02:20+00:00","description":"Le rapport et les conclusions de la commission d'enqu\u00eate PLUI ont \u00e9t\u00e9 publi\u00e9s ! Merci pour vos contributions d\u00e9taill\u00e9es.","breadcrumb":{"@id":"https:\/\/plateaulachaud.fr\/index.php\/2025\/09\/19\/commission-denquete-plui-et-zonage-du-projet-de-carriere\/#breadcrumb"},"inLanguage":"fr-FR","potentialAction":[{"@type":"ReadAction","target":["https:\/\/plateaulachaud.fr\/index.php\/2025\/09\/19\/commission-denquete-plui-et-zonage-du-projet-de-carriere\/"]}]},{"@type":"ImageObject","inLanguage":"fr-FR","@id":"https:\/\/plateaulachaud.fr\/index.php\/2025\/09\/19\/commission-denquete-plui-et-zonage-du-projet-de-carriere\/#primaryimage","url":"https:\/\/i0.wp.com\/plateaulachaud.fr\/wp-content\/uploads\/2025\/09\/Capture-Zonage-PLUi-Tract.png?fit=868%2C638&ssl=1","contentUrl":"https:\/\/i0.wp.com\/plateaulachaud.fr\/wp-content\/uploads\/2025\/09\/Capture-Zonage-PLUi-Tract.png?fit=868%2C638&ssl=1","width":868,"height":638,"caption":"Projet de carri\u00e8re \u00e0 Ch\u00e2teaugay - Zonage PLUi"},{"@type":"BreadcrumbList","@id":"https:\/\/plateaulachaud.fr\/index.php\/2025\/09\/19\/commission-denquete-plui-et-zonage-du-projet-de-carriere\/#breadcrumb","itemListElement":[{"@type":"ListItem","position":1,"name":"Accueil","item":"https:\/\/plateaulachaud.fr\/"},{"@type":"ListItem","position":2,"name":"Commission d&rsquo;enqu\u00eate PLUI et zonage du projet de carri\u00e8re"}]},{"@type":"WebSite","@id":"https:\/\/plateaulachaud.fr\/#website","url":"https:\/\/plateaulachaud.fr\/","name":"Pr\u00e9servons le plateau de Lachaud et Ch\u00e2teaugay","description":"Non \u00e0 une nouvelle carri\u00e8re.","publisher":{"@id":"https:\/\/plateaulachaud.fr\/#organization"},"potentialAction":[{"@type":"SearchAction","target":{"@type":"EntryPoint","urlTemplate":"https:\/\/plateaulachaud.fr\/?s={search_term_string}"},"query-input":{"@type":"PropertyValueSpecification","valueRequired":true,"valueName":"search_term_string"}}],"inLanguage":"fr-FR"},{"@type":"Organization","@id":"https:\/\/plateaulachaud.fr\/#organization","name":"Pr\u00e9servons le Plateau de Lachaud et Ch\u00e2teaugay","url":"https:\/\/plateaulachaud.fr\/","logo":{"@type":"ImageObject","inLanguage":"fr-FR","@id":"https:\/\/plateaulachaud.fr\/#\/schema\/logo\/image\/","url":"https:\/\/i2.wp.com\/plateaulachaud.fr\/wp-content\/uploads\/2019\/09\/Plateau-arc-en-ciel-PANO.jpg?fit=6235%2C1606&ssl=1","contentUrl":"https:\/\/i2.wp.com\/plateaulachaud.fr\/wp-content\/uploads\/2019\/09\/Plateau-arc-en-ciel-PANO.jpg?fit=6235%2C1606&ssl=1","width":6235,"height":1606,"caption":"Pr\u00e9servons le Plateau de Lachaud et Ch\u00e2teaugay"},"image":{"@id":"https:\/\/plateaulachaud.fr\/#\/schema\/logo\/image\/"}},{"@type":"Person","@id":"https:\/\/plateaulachaud.fr\/#\/schema\/person\/013b3519bbc672f4c8b9fe394232c1b2","name":"Plateau Lachaud Chateaugay","image":{"@type":"ImageObject","inLanguage":"fr-FR","@id":"https:\/\/secure.gravatar.com\/avatar\/bed4b70c9efab4b41409d924840dcfe309085d1c7dc8c0cf8c390f6538e41baa?s=96&d=mm&r=g","url":"https:\/\/secure.gravatar.com\/avatar\/bed4b70c9efab4b41409d924840dcfe309085d1c7dc8c0cf8c390f6538e41baa?s=96&d=mm&r=g","contentUrl":"https:\/\/secure.gravatar.com\/avatar\/bed4b70c9efab4b41409d924840dcfe309085d1c7dc8c0cf8c390f6538e41baa?s=96&d=mm&r=g","caption":"Plateau Lachaud Chateaugay"}}]}},"jetpack_featured_media_url":"https:\/\/i0.wp.com\/plateaulachaud.fr\/wp-content\/uploads\/2025\/09\/Capture-Zonage-PLUi-Tract.png?fit=868%2C638&ssl=1","jetpack_sharing_enabled":true,"_links":{"self":[{"href":"https:\/\/plateaulachaud.fr\/index.php\/wp-json\/wp\/v2\/posts\/1875","targetHints":{"allow":["GET"]}}],"collection":[{"href":"https:\/\/plateaulachaud.fr\/index.php\/wp-json\/wp\/v2\/posts"}],"about":[{"href":"https:\/\/plateaulachaud.fr\/index.php\/wp-json\/wp\/v2\/types\/post"}],"author":[{"embeddable":true,"href":"https:\/\/plateaulachaud.fr\/index.php\/wp-json\/wp\/v2\/users\/1"}],"replies":[{"embeddable":true,"href":"https:\/\/plateaulachaud.fr\/index.php\/wp-json\/wp\/v2\/comments?post=1875"}],"version-history":[{"count":3,"href":"https:\/\/plateaulachaud.fr\/index.php\/wp-json\/wp\/v2\/posts\/1875\/revisions"}],"predecessor-version":[{"id":1880,"href":"https:\/\/plateaulachaud.fr\/index.php\/wp-json\/wp\/v2\/posts\/1875\/revisions\/1880"}],"wp:featuredmedia":[{"embeddable":true,"href":"https:\/\/plateaulachaud.fr\/index.php\/wp-json\/wp\/v2\/media\/1877"}],"wp:attachment":[{"href":"https:\/\/plateaulachaud.fr\/index.php\/wp-json\/wp\/v2\/media?parent=1875"}],"wp:term":[{"taxonomy":"category","embeddable":true,"href":"https:\/\/plateaulachaud.fr\/index.php\/wp-json\/wp\/v2\/categories?post=1875"},{"taxonomy":"post_tag","embeddable":true,"href":"https:\/\/plateaulachaud.fr\/index.php\/wp-json\/wp\/v2\/tags?post=1875"}],"curies":[{"name":"wp","href":"https:\/\/api.w.org\/{rel}","templated":true}]}}