{"id":1697,"date":"2024-05-21T19:49:30","date_gmt":"2024-05-21T17:49:30","guid":{"rendered":"https:\/\/plateaulachaud.fr\/?p=1697"},"modified":"2024-06-02T12:13:04","modified_gmt":"2024-06-02T10:13:04","slug":"au-fil-de-leau-du-plateau-de-lachaud-la-randonnee-trace-2024","status":"publish","type":"post","link":"https:\/\/plateaulachaud.fr\/index.php\/2024\/05\/21\/au-fil-de-leau-du-plateau-de-lachaud-la-randonnee-trace-2024\/","title":{"rendered":"Au fil de l&rsquo;eau du Plateau de Lachaud : la randonn\u00e9e (trac\u00e9 2024) !"},"content":{"rendered":"\n<p class=\"has-text-align-justify\">Bonjour \u00e0 toutes et \u00e0 tous, le 2 juin 2024 \u00e0 14h30 l\u2019association Pr\u00e9servons le Plateau de Lachaud et Ch\u00e2teaugay organise une randonn\u00e9e : Au fil de l&rsquo;eau du Plateau de Lachaud.<\/p>\n\n\n\n<p class=\"has-text-align-justify\">Cette randonn\u00e9e est con\u00e7ue pour \u00eatre accessible au plus grand nombre. Elle traverse les paysages immenses et le panorama grandiose que nous offre (encore ! ) le plateau de Lachaud. Avec un passage sur la commune de Marsat. Un bon moyen de s\u2019oxyg\u00e9ner et d\u00e9couvrir l\u2019immensit\u00e9 du plateau et le non sens que repr\u00e9sente sa transformation en un site industriel.<\/p>\n\n\n\n<p class=\"has-text-align-justify\">Cela sera l\u2019occasion de d\u00e9couvrir le plateau de Lachaud pour celles et ceux qui ne le connaissent pas. D\u2019apprendre peut-\u00eatre que celui-ci est menac\u00e9 par ce projet insens\u00e9 de carri\u00e8re de basalte pour d\u2019autres.<\/p>\n\n\n\n<p class=\"has-text-align-justify\">Nous esp\u00e9rons vous retrouver nombreuses et nombreux. Vous avez la possibilit\u00e9 de vous pr\u00e9inscrire (cela facilite notre pr\u00e9paration) en utilisant&nbsp;<a href=\"https:\/\/plateaulachaud.fr\/index.php\/contactez-nous\/\" target=\"_blank\" rel=\"noreferrer noopener\">notre formulaire de contact<\/a>. A tr\u00e8s bient\u00f4t au grand air !<\/p>\n\n\n\n<h2 class=\"wp-block-heading\">Description du circuit&nbsp;<\/h2>\n\n\n\n<p>Dur\u00e9e&nbsp;:&nbsp;<strong>02h:30<\/strong><br>Longueur&nbsp;:&nbsp;<strong>9,8 km<\/strong><br>Balisage&nbsp;:&nbsp;<strong>rubalise<\/strong><br>Altitudes&nbsp;:&nbsp;<strong>361\/531 m<\/strong><\/p>\n\n\n\n<p>D\u00e9nivel\u00e9 cumul\u00e9 :&nbsp;<strong>252 m<\/strong><br>Profil circuit&nbsp;:&nbsp;<strong>facile<\/strong><\/p>\n\n\n\n<p><strong>Acc\u00e8s au d\u00e9part :<\/strong><br>Se rendre \u00e0 Ch\u00e2teauguay, 63 119. Parking place Charles De Gaulle (parking \u00e9cole maternelle et parc Jay, en face de la mairie).<\/p>\n\n\n\n<h2 class=\"wp-block-heading\">C\u2019est parti !<\/h2>\n\n\n\n<p class=\"has-text-align-justify\">D\u00e9part au niveau du parc Jay c\u00f4t\u00e9 parking Charles De Gaulle. Traverser la route de Malauzat au niveau du passage pi\u00e9tons entre la Poste et la Mairie. Se diriger en direction de Malauzat. Traverser la rue du Champ de l&rsquo;All\u00e9e et prendre le premier sentier sur la droite (au niveau du parking du cimeti\u00e8re) entre maisons et jardins. Rejoindre le chemin qui longe le cimeti\u00e8re et tourner \u00e0 droite. Au bout du chemin, prendre tout droit et arriver sur la rue du Champ de la Baume.<\/p>\n\n\n\n<h2 class=\"wp-block-heading\">Au c\u0153ur du Plateau<\/h2>\n\n\n\n<p class=\"has-text-align-justify\">Continuer la rue qui descend ensuite sur la droite et prendre le premier chemin \u00e0 gauche pour monter sur le plateau. Ensuite rester sur la gauche, en direction d\u2019un petit bois pour emprunter le chemin pour descendre c\u00f4t\u00e9 Malauzat \u00e0 travers le sous-bois (sinon un portail signale un chemin priv\u00e9).&nbsp;Continuer \u00e0 descendre le chemin. traverser le petit pont en pierre qui r\u00e9cemment \u00e9t\u00e9 reconstruit \u00e0 l\u2019initiative de l\u2019ASAC (Association pour la Sauvegarde de l\u2019Ancien Ch\u00e2teaugay) et prendre tout de suite \u00e0 droite en direction de Marsat. Avancer sur 300 m\u00e8tres avant une grande descente de cailloux \u00e0 franchir avec prudence. Au bas de la descente prendre le sentier sur la droite. Nous allons cheminer \u00e0 travers les sous-bois pour retrouver le ruisseau d\u00e9j\u00e0 travers\u00e9 plus haut. De chaque c\u00f4t\u00e9 subsistent d\u2019anciennes constructions li\u00e9es l&rsquo;amorce d&rsquo;une ouverture de carri\u00e8re, dans les ann\u00e9es 50 ou 60.<\/p>\n\n\n\n<h2 class=\"wp-block-heading\">Marsat et le ruisseau Mirabel<\/h2>\n\n\n\n<p class=\"has-text-align-justify\">Traverser le ruisseau puis suivre le chemin sur 200 m\u00e8tres puis descendre dans le sentier \u00e0 gauche, nous retrouvons le ruisseau qui s\u2019\u00e9coule au pied des arbres et va rejoindre le ruisseau de Mirabel au bas du chemin. Puis nous remontons vers la commune de Marsat jusqu\u2019\u00e0 arriver aux premi\u00e8res maisons, nous tournerons \u00e0 droite par un sentier pentu qui nous permet de rejoindre le Mirabel que nous franchissons par une petite passerelle, nous allons ensuite musarder \u00e0 ses c\u00f4t\u00e9s dans un cadre tr\u00e8s agr\u00e9able. Nous nous situons en contrebas des parcelles appartenant au groupe SBC (Soci\u00e9t\u00e9 des Basaltes du Centre) qui sont susceptibles \u00e0 terme d\u2019\u00eatre \u00e9galement exploit\u00e9es.<\/p>\n\n\n\n<h2 class=\"wp-block-heading\">Ravitaillement !<\/h2>\n\n\n\n<p class=\"has-text-align-justify\">Nous traversons \u00e0 nouveau le ruisseau sur une passerelle de pierre, attention \u00e0 ne pas glisser. Puis nous prenons ensuite \u00e0 droite entre les maisons pour rejoindre le ravitaillement, situ\u00e9 une derni\u00e8re fois au bord du ruisseau. Puis c\u2019est la remont\u00e9e vers Ch\u00e2teaugay via le chemin des Buges. A l\u2019intersection prendre \u00e0 gauche, nous resterons sur le chemin principal jusqu\u2019\u00e0 la ferme o\u00f9 nous tournerons \u00e0 droite.<\/p>\n\n\n\n<h2 class=\"wp-block-heading\">La remont\u00e9e sur Ch\u00e2teaugay<\/h2>\n\n\n\n<p class=\"has-text-align-justify\">La mont\u00e9e est un peu raide, et nous emm\u00e8ne sur le plateau de Champ Griaud que nous laisserons sur notre gauche pour remonter sur la droite vers le plateau des Cluzelles o\u00f9 se situe le complexe sportif de Ch\u00e2teaugay. Arriv\u00e9e sur le plateau, nous repartons vers le bourg de Ch\u00e2teaugay en longeant le terrain de rugby, les tennis et le terrain de foot. A noter que la m\u00e9tropole va prochainement installer des panneaux photovolta\u00efques sur les deux parkings situ\u00e9s sur la gauche. Suivre la route jusqu\u2019au rond-point des Malalittes puis continuer sur la rue Etienne Cl\u00e9mentel jusqu&rsquo;\u00e0 l&rsquo;intersection avec le chemin de la Boule sur la droite. Nous emprunterons ensuite un cheminement pi\u00e9tonnier entre les lotissements qui nous ram\u00e8nera au parking de la place Charles de Gaulle<\/p>\n\n\n\n<h2 class=\"wp-block-heading\">Tous les d\u00e9tails<\/h2>\n\n\n\n<p>Visualiser la randonn\u00e9e sur Google Maps :&nbsp;<a href=\"https:\/\/www.google.com\/maps\/d\/edit?mid=1zu-uc1oXWye5KeGUU_xQEYqVoAi7OBs&amp;usp=sharing\" target=\"_blank\" rel=\"noreferrer noopener\">ici<\/a>&nbsp;, sur le G\u00e9oportail :&nbsp;<a href=\"https:\/\/www.geoportail.gouv.fr\/carte?c=3.086843268371363,45.86297631433956&amp;z=14&amp;l0=GEOGRAPHICALGRIDSYSTEMS.MAPS.SCAN25TOUR.CV::GEOPORTAIL:OGC:WMTS(0.89)&amp;d1=5166470(1)&amp;permalink=yes\" target=\"_blank\" rel=\"noreferrer noopener\">l\u00e0<\/a>.<\/p>\n\n\n\n<p>T\u00e9l\u00e9charger la trace au format\u00a0<a href=\"https:\/\/plateaulachaud.fr\/wp-content\/uploads\/2024\/05\/Randonnee-Au-Fil-de-lEau-du-Plateau-de-Lachaud.gpx\" target=\"_blank\" rel=\"noreferrer noopener\">GPX<\/a>, au format\u00a0<a href=\"https:\/\/plateaulachaud.fr\/wp-content\/uploads\/2024\/05\/Randonnee-Au-Fil-de-lEau-du-Plateau-de-Lachaud.kml\" target=\"_blank\" rel=\"noreferrer noopener\">KML<\/a>.<\/p>\n\n\n\n<p>T\u00e9l\u00e9charger la&nbsp;<a href=\"https:\/\/plateaulachaud.fr\/wp-content\/uploads\/2024\/05\/Fiche-Randonnee-Au-Fil-de-lEau-du-Plateau-de-Lachaud.pdf\" target=\"_blank\" rel=\"noreferrer noopener\">fiche descriptive simplifi\u00e9e<\/a>&nbsp;(au format PDF).<\/p>\n","protected":false},"excerpt":{"rendered":"<p>Bonjour \u00e0 toutes et \u00e0 tous, le 2 juin 2024 \u00e0 14h30 l\u2019association Pr\u00e9servons le Plateau de Lachaud et Ch\u00e2teaugay organise une randonn\u00e9e : Au fil de l&rsquo;eau du Plateau de Lachaud. Cette randonn\u00e9e est con\u00e7ue pour \u00eatre accessible au plus grand nombre. Elle traverse les paysages immenses et le panorama grandiose que nous offre (encore ! ) le plateau de Lachaud. Avec un passage sur la commune de Marsat. Un bon moyen de s\u2019oxyg\u00e9ner et d\u00e9couvrir l\u2019immensit\u00e9 du plateau&#8230;<\/p>\n<p class=\"read-more\"><a class=\"btn btn-default\" href=\"https:\/\/plateaulachaud.fr\/index.php\/2024\/05\/21\/au-fil-de-leau-du-plateau-de-lachaud-la-randonnee-trace-2024\/\">Lire la suite<span class=\"screen-reader-text\"> Lire la suite<\/span><\/a><\/p>\n","protected":false},"author":1,"featured_media":1701,"comment_status":"closed","ping_status":"open","sticky":false,"template":"","format":"standard","meta":{"_jetpack_memberships_contains_paid_content":false,"footnotes":""},"categories":[5],"tags":[24,115],"class_list":["post-1697","post","type-post","status-publish","format-standard","has-post-thumbnail","hentry","category-association","tag-plateau","tag-randonnee"],"yoast_head":"<!-- This site is optimized with the Yoast SEO plugin v27.5 - https:\/\/yoast.com\/product\/yoast-seo-wordpress\/ -->\n<title>Au fil de l&#039;eau du Plateau de Lachaud : la randonn\u00e9e (trac\u00e9 2024) !<\/title>\n<meta name=\"description\" content=\"Le 2 juin 2024, l\u2019association Pr\u00e9servons le Plateau de Lachaud et Ch\u00e2teaugay organise une randonn\u00e9e : Au fil de l&#039;eau du Plateau de Lachaud.\" \/>\n<meta name=\"robots\" content=\"index, follow, max-snippet:-1, max-image-preview:large, max-video-preview:-1\" \/>\n<link rel=\"canonical\" href=\"https:\/\/plateaulachaud.fr\/index.php\/2024\/05\/21\/au-fil-de-leau-du-plateau-de-lachaud-la-randonnee-trace-2024\/\" \/>\n<meta property=\"og:locale\" content=\"fr_FR\" \/>\n<meta property=\"og:type\" content=\"article\" \/>\n<meta property=\"og:title\" content=\"Au fil de l&#039;eau du Plateau de Lachaud : la randonn\u00e9e (trac\u00e9 2024) !\" \/>\n<meta property=\"og:description\" content=\"Le 2 juin 2024, l\u2019association Pr\u00e9servons le Plateau de Lachaud et Ch\u00e2teaugay organise une randonn\u00e9e : Au fil de l&#039;eau du Plateau de Lachaud.\" \/>\n<meta property=\"og:url\" content=\"https:\/\/plateaulachaud.fr\/index.php\/2024\/05\/21\/au-fil-de-leau-du-plateau-de-lachaud-la-randonnee-trace-2024\/\" \/>\n<meta property=\"og:site_name\" content=\"Pr\u00e9servons le plateau de Lachaud et Ch\u00e2teaugay\" \/>\n<meta property=\"article:published_time\" content=\"2024-05-21T17:49:30+00:00\" \/>\n<meta property=\"article:modified_time\" content=\"2024-06-02T10:13:04+00:00\" \/>\n<meta property=\"og:image\" content=\"https:\/\/plateaulachaud.fr\/wp-content\/uploads\/2024\/05\/Randonnee-2-juin-Marsat.png\" \/>\n\t<meta property=\"og:image:width\" content=\"792\" \/>\n\t<meta property=\"og:image:height\" content=\"533\" \/>\n\t<meta property=\"og:image:type\" content=\"image\/png\" \/>\n<meta name=\"author\" content=\"Plateau Lachaud Chateaugay\" \/>\n<meta name=\"twitter:card\" content=\"summary_large_image\" \/>\n<meta name=\"twitter:label1\" content=\"\u00c9crit par\" \/>\n\t<meta name=\"twitter:data1\" content=\"Plateau Lachaud Chateaugay\" \/>\n\t<meta name=\"twitter:label2\" content=\"Dur\u00e9e de lecture estim\u00e9e\" \/>\n\t<meta name=\"twitter:data2\" content=\"5 minutes\" \/>\n<script type=\"application\/ld+json\" class=\"yoast-schema-graph\">{\"@context\":\"https:\\\/\\\/schema.org\",\"@graph\":[{\"@type\":\"Article\",\"@id\":\"https:\\\/\\\/plateaulachaud.fr\\\/index.php\\\/2024\\\/05\\\/21\\\/au-fil-de-leau-du-plateau-de-lachaud-la-randonnee-trace-2024\\\/#article\",\"isPartOf\":{\"@id\":\"https:\\\/\\\/plateaulachaud.fr\\\/index.php\\\/2024\\\/05\\\/21\\\/au-fil-de-leau-du-plateau-de-lachaud-la-randonnee-trace-2024\\\/\"},\"author\":{\"name\":\"Plateau Lachaud Chateaugay\",\"@id\":\"https:\\\/\\\/plateaulachaud.fr\\\/#\\\/schema\\\/person\\\/013b3519bbc672f4c8b9fe394232c1b2\"},\"headline\":\"Au fil de l&rsquo;eau du Plateau de Lachaud : la randonn\u00e9e (trac\u00e9 2024) !\",\"datePublished\":\"2024-05-21T17:49:30+00:00\",\"dateModified\":\"2024-06-02T10:13:04+00:00\",\"mainEntityOfPage\":{\"@id\":\"https:\\\/\\\/plateaulachaud.fr\\\/index.php\\\/2024\\\/05\\\/21\\\/au-fil-de-leau-du-plateau-de-lachaud-la-randonnee-trace-2024\\\/\"},\"wordCount\":870,\"publisher\":{\"@id\":\"https:\\\/\\\/plateaulachaud.fr\\\/#organization\"},\"image\":{\"@id\":\"https:\\\/\\\/plateaulachaud.fr\\\/index.php\\\/2024\\\/05\\\/21\\\/au-fil-de-leau-du-plateau-de-lachaud-la-randonnee-trace-2024\\\/#primaryimage\"},\"thumbnailUrl\":\"https:\\\/\\\/i0.wp.com\\\/plateaulachaud.fr\\\/wp-content\\\/uploads\\\/2024\\\/05\\\/Randonnee-2-juin-Marsat.png?fit=792%2C533&ssl=1\",\"keywords\":[\"plateau\",\"randonn\u00e9e\"],\"articleSection\":[\"association\"],\"inLanguage\":\"fr-FR\"},{\"@type\":\"WebPage\",\"@id\":\"https:\\\/\\\/plateaulachaud.fr\\\/index.php\\\/2024\\\/05\\\/21\\\/au-fil-de-leau-du-plateau-de-lachaud-la-randonnee-trace-2024\\\/\",\"url\":\"https:\\\/\\\/plateaulachaud.fr\\\/index.php\\\/2024\\\/05\\\/21\\\/au-fil-de-leau-du-plateau-de-lachaud-la-randonnee-trace-2024\\\/\",\"name\":\"Au fil de l'eau du Plateau de Lachaud : la randonn\u00e9e (trac\u00e9 2024) !\",\"isPartOf\":{\"@id\":\"https:\\\/\\\/plateaulachaud.fr\\\/#website\"},\"primaryImageOfPage\":{\"@id\":\"https:\\\/\\\/plateaulachaud.fr\\\/index.php\\\/2024\\\/05\\\/21\\\/au-fil-de-leau-du-plateau-de-lachaud-la-randonnee-trace-2024\\\/#primaryimage\"},\"image\":{\"@id\":\"https:\\\/\\\/plateaulachaud.fr\\\/index.php\\\/2024\\\/05\\\/21\\\/au-fil-de-leau-du-plateau-de-lachaud-la-randonnee-trace-2024\\\/#primaryimage\"},\"thumbnailUrl\":\"https:\\\/\\\/i0.wp.com\\\/plateaulachaud.fr\\\/wp-content\\\/uploads\\\/2024\\\/05\\\/Randonnee-2-juin-Marsat.png?fit=792%2C533&ssl=1\",\"datePublished\":\"2024-05-21T17:49:30+00:00\",\"dateModified\":\"2024-06-02T10:13:04+00:00\",\"description\":\"Le 2 juin 2024, l\u2019association Pr\u00e9servons le Plateau de Lachaud et Ch\u00e2teaugay organise une randonn\u00e9e : Au fil de l'eau du Plateau de Lachaud.\",\"breadcrumb\":{\"@id\":\"https:\\\/\\\/plateaulachaud.fr\\\/index.php\\\/2024\\\/05\\\/21\\\/au-fil-de-leau-du-plateau-de-lachaud-la-randonnee-trace-2024\\\/#breadcrumb\"},\"inLanguage\":\"fr-FR\",\"potentialAction\":[{\"@type\":\"ReadAction\",\"target\":[\"https:\\\/\\\/plateaulachaud.fr\\\/index.php\\\/2024\\\/05\\\/21\\\/au-fil-de-leau-du-plateau-de-lachaud-la-randonnee-trace-2024\\\/\"]}]},{\"@type\":\"ImageObject\",\"inLanguage\":\"fr-FR\",\"@id\":\"https:\\\/\\\/plateaulachaud.fr\\\/index.php\\\/2024\\\/05\\\/21\\\/au-fil-de-leau-du-plateau-de-lachaud-la-randonnee-trace-2024\\\/#primaryimage\",\"url\":\"https:\\\/\\\/i0.wp.com\\\/plateaulachaud.fr\\\/wp-content\\\/uploads\\\/2024\\\/05\\\/Randonnee-2-juin-Marsat.png?fit=792%2C533&ssl=1\",\"contentUrl\":\"https:\\\/\\\/i0.wp.com\\\/plateaulachaud.fr\\\/wp-content\\\/uploads\\\/2024\\\/05\\\/Randonnee-2-juin-Marsat.png?fit=792%2C533&ssl=1\",\"width\":792,\"height\":533,\"caption\":\"Randonn\u00e9e Au Fil de l'Eau du Plateau de Lachaud. Association Pr\u00e9servons le Plateau de Lachaud et Ch\u00e2teaugay.\"},{\"@type\":\"BreadcrumbList\",\"@id\":\"https:\\\/\\\/plateaulachaud.fr\\\/index.php\\\/2024\\\/05\\\/21\\\/au-fil-de-leau-du-plateau-de-lachaud-la-randonnee-trace-2024\\\/#breadcrumb\",\"itemListElement\":[{\"@type\":\"ListItem\",\"position\":1,\"name\":\"Accueil\",\"item\":\"https:\\\/\\\/plateaulachaud.fr\\\/\"},{\"@type\":\"ListItem\",\"position\":2,\"name\":\"Au fil de l&rsquo;eau du Plateau de Lachaud : la randonn\u00e9e (trac\u00e9 2024) !\"}]},{\"@type\":\"WebSite\",\"@id\":\"https:\\\/\\\/plateaulachaud.fr\\\/#website\",\"url\":\"https:\\\/\\\/plateaulachaud.fr\\\/\",\"name\":\"Pr\u00e9servons le plateau de Lachaud et Ch\u00e2teaugay\",\"description\":\"Non \u00e0 une nouvelle carri\u00e8re.\",\"publisher\":{\"@id\":\"https:\\\/\\\/plateaulachaud.fr\\\/#organization\"},\"potentialAction\":[{\"@type\":\"SearchAction\",\"target\":{\"@type\":\"EntryPoint\",\"urlTemplate\":\"https:\\\/\\\/plateaulachaud.fr\\\/?s={search_term_string}\"},\"query-input\":{\"@type\":\"PropertyValueSpecification\",\"valueRequired\":true,\"valueName\":\"search_term_string\"}}],\"inLanguage\":\"fr-FR\"},{\"@type\":\"Organization\",\"@id\":\"https:\\\/\\\/plateaulachaud.fr\\\/#organization\",\"name\":\"Pr\u00e9servons le Plateau de Lachaud et Ch\u00e2teaugay\",\"url\":\"https:\\\/\\\/plateaulachaud.fr\\\/\",\"logo\":{\"@type\":\"ImageObject\",\"inLanguage\":\"fr-FR\",\"@id\":\"https:\\\/\\\/plateaulachaud.fr\\\/#\\\/schema\\\/logo\\\/image\\\/\",\"url\":\"https:\\\/\\\/i2.wp.com\\\/plateaulachaud.fr\\\/wp-content\\\/uploads\\\/2019\\\/09\\\/Plateau-arc-en-ciel-PANO.jpg?fit=6235%2C1606&ssl=1\",\"contentUrl\":\"https:\\\/\\\/i2.wp.com\\\/plateaulachaud.fr\\\/wp-content\\\/uploads\\\/2019\\\/09\\\/Plateau-arc-en-ciel-PANO.jpg?fit=6235%2C1606&ssl=1\",\"width\":6235,\"height\":1606,\"caption\":\"Pr\u00e9servons le Plateau de Lachaud et Ch\u00e2teaugay\"},\"image\":{\"@id\":\"https:\\\/\\\/plateaulachaud.fr\\\/#\\\/schema\\\/logo\\\/image\\\/\"}},{\"@type\":\"Person\",\"@id\":\"https:\\\/\\\/plateaulachaud.fr\\\/#\\\/schema\\\/person\\\/013b3519bbc672f4c8b9fe394232c1b2\",\"name\":\"Plateau Lachaud Chateaugay\",\"image\":{\"@type\":\"ImageObject\",\"inLanguage\":\"fr-FR\",\"@id\":\"https:\\\/\\\/secure.gravatar.com\\\/avatar\\\/bed4b70c9efab4b41409d924840dcfe309085d1c7dc8c0cf8c390f6538e41baa?s=96&d=mm&r=g\",\"url\":\"https:\\\/\\\/secure.gravatar.com\\\/avatar\\\/bed4b70c9efab4b41409d924840dcfe309085d1c7dc8c0cf8c390f6538e41baa?s=96&d=mm&r=g\",\"contentUrl\":\"https:\\\/\\\/secure.gravatar.com\\\/avatar\\\/bed4b70c9efab4b41409d924840dcfe309085d1c7dc8c0cf8c390f6538e41baa?s=96&d=mm&r=g\",\"caption\":\"Plateau Lachaud Chateaugay\"}}]}<\/script>\n<!-- \/ Yoast SEO plugin. -->","yoast_head_json":{"title":"Au fil de l'eau du Plateau de Lachaud : la randonn\u00e9e (trac\u00e9 2024) !","description":"Le 2 juin 2024, l\u2019association Pr\u00e9servons le Plateau de Lachaud et Ch\u00e2teaugay organise une randonn\u00e9e : Au fil de l'eau du Plateau de Lachaud.","robots":{"index":"index","follow":"follow","max-snippet":"max-snippet:-1","max-image-preview":"max-image-preview:large","max-video-preview":"max-video-preview:-1"},"canonical":"https:\/\/plateaulachaud.fr\/index.php\/2024\/05\/21\/au-fil-de-leau-du-plateau-de-lachaud-la-randonnee-trace-2024\/","og_locale":"fr_FR","og_type":"article","og_title":"Au fil de l'eau du Plateau de Lachaud : la randonn\u00e9e (trac\u00e9 2024) !","og_description":"Le 2 juin 2024, l\u2019association Pr\u00e9servons le Plateau de Lachaud et Ch\u00e2teaugay organise une randonn\u00e9e : Au fil de l'eau du Plateau de Lachaud.","og_url":"https:\/\/plateaulachaud.fr\/index.php\/2024\/05\/21\/au-fil-de-leau-du-plateau-de-lachaud-la-randonnee-trace-2024\/","og_site_name":"Pr\u00e9servons le plateau de Lachaud et Ch\u00e2teaugay","article_published_time":"2024-05-21T17:49:30+00:00","article_modified_time":"2024-06-02T10:13:04+00:00","og_image":[{"width":792,"height":533,"url":"https:\/\/plateaulachaud.fr\/wp-content\/uploads\/2024\/05\/Randonnee-2-juin-Marsat.png","type":"image\/png"}],"author":"Plateau Lachaud Chateaugay","twitter_card":"summary_large_image","twitter_misc":{"\u00c9crit par":"Plateau Lachaud Chateaugay","Dur\u00e9e de lecture estim\u00e9e":"5 minutes"},"schema":{"@context":"https:\/\/schema.org","@graph":[{"@type":"Article","@id":"https:\/\/plateaulachaud.fr\/index.php\/2024\/05\/21\/au-fil-de-leau-du-plateau-de-lachaud-la-randonnee-trace-2024\/#article","isPartOf":{"@id":"https:\/\/plateaulachaud.fr\/index.php\/2024\/05\/21\/au-fil-de-leau-du-plateau-de-lachaud-la-randonnee-trace-2024\/"},"author":{"name":"Plateau Lachaud Chateaugay","@id":"https:\/\/plateaulachaud.fr\/#\/schema\/person\/013b3519bbc672f4c8b9fe394232c1b2"},"headline":"Au fil de l&rsquo;eau du Plateau de Lachaud : la randonn\u00e9e (trac\u00e9 2024) !","datePublished":"2024-05-21T17:49:30+00:00","dateModified":"2024-06-02T10:13:04+00:00","mainEntityOfPage":{"@id":"https:\/\/plateaulachaud.fr\/index.php\/2024\/05\/21\/au-fil-de-leau-du-plateau-de-lachaud-la-randonnee-trace-2024\/"},"wordCount":870,"publisher":{"@id":"https:\/\/plateaulachaud.fr\/#organization"},"image":{"@id":"https:\/\/plateaulachaud.fr\/index.php\/2024\/05\/21\/au-fil-de-leau-du-plateau-de-lachaud-la-randonnee-trace-2024\/#primaryimage"},"thumbnailUrl":"https:\/\/i0.wp.com\/plateaulachaud.fr\/wp-content\/uploads\/2024\/05\/Randonnee-2-juin-Marsat.png?fit=792%2C533&ssl=1","keywords":["plateau","randonn\u00e9e"],"articleSection":["association"],"inLanguage":"fr-FR"},{"@type":"WebPage","@id":"https:\/\/plateaulachaud.fr\/index.php\/2024\/05\/21\/au-fil-de-leau-du-plateau-de-lachaud-la-randonnee-trace-2024\/","url":"https:\/\/plateaulachaud.fr\/index.php\/2024\/05\/21\/au-fil-de-leau-du-plateau-de-lachaud-la-randonnee-trace-2024\/","name":"Au fil de l'eau du Plateau de Lachaud : la randonn\u00e9e (trac\u00e9 2024) !","isPartOf":{"@id":"https:\/\/plateaulachaud.fr\/#website"},"primaryImageOfPage":{"@id":"https:\/\/plateaulachaud.fr\/index.php\/2024\/05\/21\/au-fil-de-leau-du-plateau-de-lachaud-la-randonnee-trace-2024\/#primaryimage"},"image":{"@id":"https:\/\/plateaulachaud.fr\/index.php\/2024\/05\/21\/au-fil-de-leau-du-plateau-de-lachaud-la-randonnee-trace-2024\/#primaryimage"},"thumbnailUrl":"https:\/\/i0.wp.com\/plateaulachaud.fr\/wp-content\/uploads\/2024\/05\/Randonnee-2-juin-Marsat.png?fit=792%2C533&ssl=1","datePublished":"2024-05-21T17:49:30+00:00","dateModified":"2024-06-02T10:13:04+00:00","description":"Le 2 juin 2024, l\u2019association Pr\u00e9servons le Plateau de Lachaud et Ch\u00e2teaugay organise une randonn\u00e9e : Au fil de l'eau du Plateau de Lachaud.","breadcrumb":{"@id":"https:\/\/plateaulachaud.fr\/index.php\/2024\/05\/21\/au-fil-de-leau-du-plateau-de-lachaud-la-randonnee-trace-2024\/#breadcrumb"},"inLanguage":"fr-FR","potentialAction":[{"@type":"ReadAction","target":["https:\/\/plateaulachaud.fr\/index.php\/2024\/05\/21\/au-fil-de-leau-du-plateau-de-lachaud-la-randonnee-trace-2024\/"]}]},{"@type":"ImageObject","inLanguage":"fr-FR","@id":"https:\/\/plateaulachaud.fr\/index.php\/2024\/05\/21\/au-fil-de-leau-du-plateau-de-lachaud-la-randonnee-trace-2024\/#primaryimage","url":"https:\/\/i0.wp.com\/plateaulachaud.fr\/wp-content\/uploads\/2024\/05\/Randonnee-2-juin-Marsat.png?fit=792%2C533&ssl=1","contentUrl":"https:\/\/i0.wp.com\/plateaulachaud.fr\/wp-content\/uploads\/2024\/05\/Randonnee-2-juin-Marsat.png?fit=792%2C533&ssl=1","width":792,"height":533,"caption":"Randonn\u00e9e Au Fil de l'Eau du Plateau de Lachaud. Association Pr\u00e9servons le Plateau de Lachaud et Ch\u00e2teaugay."},{"@type":"BreadcrumbList","@id":"https:\/\/plateaulachaud.fr\/index.php\/2024\/05\/21\/au-fil-de-leau-du-plateau-de-lachaud-la-randonnee-trace-2024\/#breadcrumb","itemListElement":[{"@type":"ListItem","position":1,"name":"Accueil","item":"https:\/\/plateaulachaud.fr\/"},{"@type":"ListItem","position":2,"name":"Au fil de l&rsquo;eau du Plateau de Lachaud : la randonn\u00e9e (trac\u00e9 2024) !"}]},{"@type":"WebSite","@id":"https:\/\/plateaulachaud.fr\/#website","url":"https:\/\/plateaulachaud.fr\/","name":"Pr\u00e9servons le plateau de Lachaud et Ch\u00e2teaugay","description":"Non \u00e0 une nouvelle carri\u00e8re.","publisher":{"@id":"https:\/\/plateaulachaud.fr\/#organization"},"potentialAction":[{"@type":"SearchAction","target":{"@type":"EntryPoint","urlTemplate":"https:\/\/plateaulachaud.fr\/?s={search_term_string}"},"query-input":{"@type":"PropertyValueSpecification","valueRequired":true,"valueName":"search_term_string"}}],"inLanguage":"fr-FR"},{"@type":"Organization","@id":"https:\/\/plateaulachaud.fr\/#organization","name":"Pr\u00e9servons le Plateau de Lachaud et Ch\u00e2teaugay","url":"https:\/\/plateaulachaud.fr\/","logo":{"@type":"ImageObject","inLanguage":"fr-FR","@id":"https:\/\/plateaulachaud.fr\/#\/schema\/logo\/image\/","url":"https:\/\/i2.wp.com\/plateaulachaud.fr\/wp-content\/uploads\/2019\/09\/Plateau-arc-en-ciel-PANO.jpg?fit=6235%2C1606&ssl=1","contentUrl":"https:\/\/i2.wp.com\/plateaulachaud.fr\/wp-content\/uploads\/2019\/09\/Plateau-arc-en-ciel-PANO.jpg?fit=6235%2C1606&ssl=1","width":6235,"height":1606,"caption":"Pr\u00e9servons le Plateau de Lachaud et Ch\u00e2teaugay"},"image":{"@id":"https:\/\/plateaulachaud.fr\/#\/schema\/logo\/image\/"}},{"@type":"Person","@id":"https:\/\/plateaulachaud.fr\/#\/schema\/person\/013b3519bbc672f4c8b9fe394232c1b2","name":"Plateau Lachaud Chateaugay","image":{"@type":"ImageObject","inLanguage":"fr-FR","@id":"https:\/\/secure.gravatar.com\/avatar\/bed4b70c9efab4b41409d924840dcfe309085d1c7dc8c0cf8c390f6538e41baa?s=96&d=mm&r=g","url":"https:\/\/secure.gravatar.com\/avatar\/bed4b70c9efab4b41409d924840dcfe309085d1c7dc8c0cf8c390f6538e41baa?s=96&d=mm&r=g","contentUrl":"https:\/\/secure.gravatar.com\/avatar\/bed4b70c9efab4b41409d924840dcfe309085d1c7dc8c0cf8c390f6538e41baa?s=96&d=mm&r=g","caption":"Plateau Lachaud Chateaugay"}}]}},"jetpack_featured_media_url":"https:\/\/i0.wp.com\/plateaulachaud.fr\/wp-content\/uploads\/2024\/05\/Randonnee-2-juin-Marsat.png?fit=792%2C533&ssl=1","jetpack_sharing_enabled":true,"_links":{"self":[{"href":"https:\/\/plateaulachaud.fr\/index.php\/wp-json\/wp\/v2\/posts\/1697","targetHints":{"allow":["GET"]}}],"collection":[{"href":"https:\/\/plateaulachaud.fr\/index.php\/wp-json\/wp\/v2\/posts"}],"about":[{"href":"https:\/\/plateaulachaud.fr\/index.php\/wp-json\/wp\/v2\/types\/post"}],"author":[{"embeddable":true,"href":"https:\/\/plateaulachaud.fr\/index.php\/wp-json\/wp\/v2\/users\/1"}],"replies":[{"embeddable":true,"href":"https:\/\/plateaulachaud.fr\/index.php\/wp-json\/wp\/v2\/comments?post=1697"}],"version-history":[{"count":4,"href":"https:\/\/plateaulachaud.fr\/index.php\/wp-json\/wp\/v2\/posts\/1697\/revisions"}],"predecessor-version":[{"id":1716,"href":"https:\/\/plateaulachaud.fr\/index.php\/wp-json\/wp\/v2\/posts\/1697\/revisions\/1716"}],"wp:featuredmedia":[{"embeddable":true,"href":"https:\/\/plateaulachaud.fr\/index.php\/wp-json\/wp\/v2\/media\/1701"}],"wp:attachment":[{"href":"https:\/\/plateaulachaud.fr\/index.php\/wp-json\/wp\/v2\/media?parent=1697"}],"wp:term":[{"taxonomy":"category","embeddable":true,"href":"https:\/\/plateaulachaud.fr\/index.php\/wp-json\/wp\/v2\/categories?post=1697"},{"taxonomy":"post_tag","embeddable":true,"href":"https:\/\/plateaulachaud.fr\/index.php\/wp-json\/wp\/v2\/tags?post=1697"}],"curies":[{"name":"wp","href":"https:\/\/api.w.org\/{rel}","templated":true}]}}