{"id":1542,"date":"2023-06-15T21:07:13","date_gmt":"2023-06-15T19:07:13","guid":{"rendered":"https:\/\/plateaulachaud.fr\/?p=1542"},"modified":"2023-06-15T21:07:20","modified_gmt":"2023-06-15T19:07:20","slug":"la-nature-a-chateaugay-toujours-sans-nouvelle-carriere","status":"publish","type":"post","link":"https:\/\/plateaulachaud.fr\/index.php\/2023\/06\/15\/la-nature-a-chateaugay-toujours-sans-nouvelle-carriere\/","title":{"rendered":"La nature \u00e0 Ch\u00e2teaugay, (toujours) sans nouvelle carri\u00e8re !"},"content":{"rendered":"\n<p class=\"has-text-align-justify\">Bonjour \u00e0 toutes et \u00e0 tous, dans cet article nous allons partager tr\u00e8s largement la vision de la <a href=\"https:\/\/www.lpo.fr\/\" target=\"_blank\" rel=\"noreferrer noopener\">Ligue de Protection des Oiseaux<\/a> sur le plateau de Lachaud \u00e0 Ch\u00e2teaugay. Lisez, t\u00e9l\u00e9chargez et partagez ce document qui est un plaidoyer pour la protection du plateau de Lachaud. Et un grand merci \u00e0 la LPO pour la publication de ce document dans le cadre de la cr\u00e9ation de l\u2019atlas de la biodiversit\u00e9 de la m\u00e9tropole clermontoise. La nature \u00e0 Ch\u00e2teaugay doit continuer de s&rsquo;\u00e9panouir, sans nouvelle carri\u00e8re !<\/p>\n\n\n\n<p>Et profitez-en pour d\u00e9couvrir l&rsquo;article consacr\u00e9 \u00e0 un autre plaidoyer pour la protection du plateau de Lachaud : <a href=\"https:\/\/plateaulachaud.fr\/index.php\/2021\/11\/08\/la-nature-a-chateaugay-sans-nouvelle-carriere\/\">le plateau de Lachaud vu par le Conservatoire d&rsquo;Espaces Naturels<\/a>.<\/p>\n\n\n\n<h2 class=\"wp-block-heading\">Les esp\u00e8ces embl\u00e9matiques de Ch\u00e2teaugay dont 37 esp\u00e8ces \u00e0 enjeux !<\/h2>\n\n\n\n<p class=\"has-text-align-justify\">Le th\u00e8cle de l\u2019orme (<a href=\"https:\/\/plateaulachaud.fr\/index.php\/2020\/11\/06\/leffet-papillon-et-la-carriere-de-chateaugay\/\">encore un petit papillon<\/a>), le tarier p\u00e2tre (oiseau insectivore) et l\u2019ophioglosse (petite foug\u00e8re) constituent 3 esp\u00e8ces embl\u00e9matiques de Ch\u00e2teaugay. L\u2019ophioglosse ou \u00ab Langue de serpent \u00bb est prot\u00e9g\u00e9e ! Elle tient son nom de son appareil reproducteur, repr\u00e9sent\u00e9 par une \u00ab tige \u00bb dress\u00e9e . Elle appr\u00e9cie les milieux humides comme le plateau de Lachaud. En f\u00e9vrier 2022, un hibou des marais a m\u00eame \u00e9t\u00e9 vu \u00e0 Ch\u00e2teaugay. Esp\u00e8ce tr\u00e8s rare en France, l\u2019observation de ce rapace nocturne sur la m\u00e9tropole reste exceptionnelle !<\/p>\n\n\n\n<h2 class=\"wp-block-heading\">L&rsquo;int\u00e9gralit\u00e9 du plateau de Lachaud est un r\u00e9servoir de biodiversit\u00e9<\/h2>\n\n\n\n<p class=\"has-text-align-justify\">Les r\u00e9servoirs de biodiversit\u00e9 permettent aux esp\u00e8ces d\u2019effectuer l\u2019ensemble de leur cycle de vie (alimentation, reproduction, repos). Ils sont reli\u00e9s entre eux par des corridors \u00e9cologiques qui permettent aux esp\u00e8ces de se d\u00e9placer. Tout aussi importants \u00e0 pr\u00e9server que les r\u00e9servoirs, ces corridors prennent plusieurs formes (haies, cours d\u2019eau, bosquets, mares\u2026) et constituent eux- m\u00eames des lieux de vie . Mettons tout en \u0153uvre  pour que le plateau de Lachaud continue \u00e0 jouer ce double r\u00f4le dans notre commune.<\/p>\n\n\n\n<h2 class=\"wp-block-heading\">La nature \u00e0 Ch\u00e2teaugay, sans nouvelle carri\u00e8re<\/h2>\n\n\n\n<figure class=\"wp-block-gallery has-nested-images columns-default is-cropped wp-block-gallery-1 is-layout-flex wp-block-gallery-is-layout-flex\">\n<figure class=\"wp-block-image size-large\"><img data-recalc-dims=\"1\" loading=\"lazy\" decoding=\"async\" width=\"640\" height=\"853\" data-id=\"1555\" src=\"https:\/\/i0.wp.com\/plateaulachaud.fr\/wp-content\/uploads\/2023\/06\/Ophioglossum_vulgatum.jpg?resize=640%2C853&#038;ssl=1\" alt=\"Photo de Orchi - Photographie personnelle - Ophioglossum vulgatum\" class=\"wp-image-1555\" srcset=\"https:\/\/i0.wp.com\/plateaulachaud.fr\/wp-content\/uploads\/2023\/06\/Ophioglossum_vulgatum.jpg?resize=768%2C1024&amp;ssl=1 768w, https:\/\/i0.wp.com\/plateaulachaud.fr\/wp-content\/uploads\/2023\/06\/Ophioglossum_vulgatum.jpg?resize=225%2C300&amp;ssl=1 225w, https:\/\/i0.wp.com\/plateaulachaud.fr\/wp-content\/uploads\/2023\/06\/Ophioglossum_vulgatum.jpg?resize=202%2C270&amp;ssl=1 202w, https:\/\/i0.wp.com\/plateaulachaud.fr\/wp-content\/uploads\/2023\/06\/Ophioglossum_vulgatum.jpg?w=800&amp;ssl=1 800w\" sizes=\"auto, (max-width: 640px) 100vw, 640px\" \/><figcaption class=\"wp-element-caption\">Photo de Orchi &#8211; Photographie personnelle &#8211; Ophioglossum vulgatum<\/figcaption><\/figure>\n\n\n\n<figure class=\"wp-block-image size-large\"><img data-recalc-dims=\"1\" loading=\"lazy\" decoding=\"async\" width=\"601\" height=\"601\" data-id=\"1554\" src=\"https:\/\/i0.wp.com\/plateaulachaud.fr\/wp-content\/uploads\/2023\/06\/Tecle-de-lOrme.jpg?resize=601%2C601&#038;ssl=1\" alt=\"Photo de Pengannel - Flickr - Th\u00e8cle de l'orme\" class=\"wp-image-1554\" srcset=\"https:\/\/i0.wp.com\/plateaulachaud.fr\/wp-content\/uploads\/2023\/06\/Tecle-de-lOrme.jpg?w=601&amp;ssl=1 601w, https:\/\/i0.wp.com\/plateaulachaud.fr\/wp-content\/uploads\/2023\/06\/Tecle-de-lOrme.jpg?resize=300%2C300&amp;ssl=1 300w, https:\/\/i0.wp.com\/plateaulachaud.fr\/wp-content\/uploads\/2023\/06\/Tecle-de-lOrme.jpg?resize=150%2C150&amp;ssl=1 150w, https:\/\/i0.wp.com\/plateaulachaud.fr\/wp-content\/uploads\/2023\/06\/Tecle-de-lOrme.jpg?resize=270%2C270&amp;ssl=1 270w\" sizes=\"auto, (max-width: 601px) 100vw, 601px\" \/><figcaption class=\"wp-element-caption\">Photo de Pengannel &#8211; Flickr &#8211; Th\u00e8cle de l&rsquo;orme<\/figcaption><\/figure>\n\n\n\n<figure class=\"wp-block-image size-large\"><img data-recalc-dims=\"1\" loading=\"lazy\" decoding=\"async\" width=\"640\" height=\"427\" data-id=\"1553\" src=\"https:\/\/i0.wp.com\/plateaulachaud.fr\/wp-content\/uploads\/2023\/06\/Hibou-des-marais.jpg?resize=640%2C427&#038;ssl=1\" alt=\"Photo de Norberto Esteves - Travail personnel - Hibou des marais\" class=\"wp-image-1553\" srcset=\"https:\/\/i0.wp.com\/plateaulachaud.fr\/wp-content\/uploads\/2023\/06\/Hibou-des-marais.jpg?w=1024&amp;ssl=1 1024w, https:\/\/i0.wp.com\/plateaulachaud.fr\/wp-content\/uploads\/2023\/06\/Hibou-des-marais.jpg?resize=300%2C200&amp;ssl=1 300w, https:\/\/i0.wp.com\/plateaulachaud.fr\/wp-content\/uploads\/2023\/06\/Hibou-des-marais.jpg?resize=768%2C512&amp;ssl=1 768w, https:\/\/i0.wp.com\/plateaulachaud.fr\/wp-content\/uploads\/2023\/06\/Hibou-des-marais.jpg?resize=405%2C270&amp;ssl=1 405w\" sizes=\"auto, (max-width: 640px) 100vw, 640px\" \/><figcaption class=\"wp-element-caption\">Photo de Norberto Esteves &#8211; Travail personnel &#8211; Hibou des marais <\/figcaption><\/figure>\n\n\n\n<figure class=\"wp-block-image size-large\"><img data-recalc-dims=\"1\" loading=\"lazy\" decoding=\"async\" width=\"640\" height=\"427\" data-id=\"1549\" src=\"https:\/\/i0.wp.com\/plateaulachaud.fr\/wp-content\/uploads\/2023\/06\/Tarier-patre.jpg?resize=640%2C427&#038;ssl=1\" alt=\"Photo de El Golli Mohamed \u2014 Travail personnel - Tarier patre\" class=\"wp-image-1549\" srcset=\"https:\/\/i0.wp.com\/plateaulachaud.fr\/wp-content\/uploads\/2023\/06\/Tarier-patre.jpg?w=1024&amp;ssl=1 1024w, https:\/\/i0.wp.com\/plateaulachaud.fr\/wp-content\/uploads\/2023\/06\/Tarier-patre.jpg?resize=300%2C200&amp;ssl=1 300w, https:\/\/i0.wp.com\/plateaulachaud.fr\/wp-content\/uploads\/2023\/06\/Tarier-patre.jpg?resize=768%2C512&amp;ssl=1 768w, https:\/\/i0.wp.com\/plateaulachaud.fr\/wp-content\/uploads\/2023\/06\/Tarier-patre.jpg?resize=405%2C270&amp;ssl=1 405w\" sizes=\"auto, (max-width: 640px) 100vw, 640px\" \/><figcaption class=\"wp-element-caption\">European Stonechat (Saxicola rubicola) male, at Ichkeul national park. Le Tarier patre\nPhoto de El Golli Mohamed \u2014 Travail personnel<\/figcaption><\/figure>\n<\/figure>\n\n\n\n<h2 class=\"wp-block-heading\">D\u00e9couvrez le document !<\/h2>\n\n\n\n<div data-wp-interactive=\"core\/file\" class=\"wp-block-file\"><object data-wp-bind--hidden=\"!state.hasPdfPreview\" hidden class=\"wp-block-file__embed\" data=\"https:\/\/plateaulachaud.fr\/wp-content\/uploads\/2023\/06\/Chateaugay-LPO.pdf\" type=\"application\/pdf\" style=\"width:100%;height:600px\" aria-label=\"Contenu embarqu\u00e9 L\u2019atlas de la biodiversit\u00e9 de la m\u00e9tropole clermontoise - Ch\u00e2teaugay-LPO.\"><\/object><a id=\"wp-block-file--media-b209a0b1-39cf-49de-822e-74499575ae67\" href=\"https:\/\/plateaulachaud.fr\/wp-content\/uploads\/2023\/06\/Chateaugay-LPO.pdf\">L\u2019atlas de la biodiversit\u00e9 de la m\u00e9tropole clermontoise &#8211; Ch\u00e2teaugay-LPO<\/a><a href=\"https:\/\/plateaulachaud.fr\/wp-content\/uploads\/2023\/06\/Chateaugay-LPO.pdf\" class=\"wp-block-file__button wp-element-button\" download aria-describedby=\"wp-block-file--media-b209a0b1-39cf-49de-822e-74499575ae67\">T\u00e9l\u00e9charger<\/a><\/div>\n\n\n\n<h2 class=\"wp-block-heading\">La municipalit\u00e9 de Ch\u00e2teaugay continue de se tromper !<\/h2>\n\n\n\n<p class=\"has-text-align-justify\">R\u00e9servoir de biodiversit\u00e9 et abri pour des esp\u00e8ces tr\u00e8s rares et prot\u00e9g\u00e9es, le plateau de Lachaud m\u00e9rite qu&rsquo;on le prot\u00e8ge. Et pourtant la municipalit\u00e9 de Ch\u00e2teaugay ne se positionne toujours pas contre ce projet de carri\u00e8re destructeur !<br>N\u2019h\u00e9sitez pas \u00e0 interpeller nos \u00e9lus concernant ce document et partagez cet article ainsi que le dossier de la LPO.&nbsp;<a href=\"https:\/\/plateaulachaud.fr\/index.php\/2019\/03\/17\/nous-rejoindre\/\" target=\"_blank\" rel=\"noreferrer noopener\">Adh\u00e9rez (en ligne c&rsquo;est maintenant possible&#8230;) et faites adh\u00e9rer<\/a>&nbsp;\u00e0 notre association, nous nous devons de les convaincre que ce projet de nouvelle carri\u00e8re est une grave erreur pour la commune de Ch\u00e2teaugay et ses voisines.<\/p>\n\n\n\n<h2 class=\"wp-block-heading\">Ressources et cr\u00e9dit photo<\/h2>\n\n\n\n<p>Photo de El Golli Mohamed &#8211; Travail personnel &#8211; Tarier patre. <a href=\"https:\/\/fr.wikipedia.org\/wiki\/Saxicola_rubicola\" target=\"_blank\" rel=\"noreferrer noopener\">Wikip\u00e9dia<\/a><\/p>\n\n\n\n<p>Photo de Orchi &#8211;\u00a0Photographie personnelle &#8211; Ophioglossum vulgatum\u00a0&#8211; <a href=\"https:\/\/fr.wikipedia.org\/wiki\/Ophioglossum_vulgatum\" target=\"_blank\" rel=\"noreferrer noopener\">Wikip\u00e9dia<\/a><\/p>\n\n\n\n<p>Photo de Pengannel &#8211; Flickr &#8211; Th\u00e8cle de l&rsquo;orme &#8211; <a href=\"https:\/\/fr.wikipedia.org\/wiki\/Th%C3%A8cle_de_l%27orme\" target=\"_blank\" rel=\"noreferrer noopener\">Wikip\u00e9dia<\/a><\/p>\n\n\n\n<p>Photo de Norberto Esteves &#8211; Travail personnel &#8211; Hibou des marais &#8211; <a href=\"https:\/\/fr.wikipedia.org\/wiki\/Hibou_des_marais\" target=\"_blank\" rel=\"noreferrer noopener\">Wikip\u00e9dia<\/a><\/p>\n\n\n\n<p>Le site <a href=\"https:\/\/cbiodiv.org\/\" target=\"_blank\" rel=\"noreferrer noopener\">CBioDiv<\/a> (Atlas de la biodiversit\u00e9 de la m\u00e9tropole clermontoise).<\/p>\n\n\n\n<p>La <a href=\"https:\/\/auvergne-rhone-alpes.lpo.fr\/wp-content\/uploads\/Listes-especes-par-communes_Clermont-Auvergne-Metropole.pdf\" target=\"_blank\" rel=\"noreferrer noopener\">liste compl\u00e8te des esp\u00e8ces observ\u00e9es \u00e0 Ch\u00e2teaugay<\/a> (page 71 \u00e0 79)<\/p>\n\n\n\n<p>La<a href=\"https:\/\/cbiodiv.org\/wp-content\/uploads\/2022\/12\/Chateaugay-min.pdf\" target=\"_blank\" rel=\"noreferrer noopener\"> plaquette<\/a> d\u00e9di\u00e9e \u00e0 Ch\u00e2teaugay.<\/p>\n","protected":false},"excerpt":{"rendered":"<p>Bonjour \u00e0 toutes et \u00e0 tous, dans cet article nous allons partager tr\u00e8s largement la vision de la Ligue de Protection des Oiseaux sur le plateau de Lachaud \u00e0 Ch\u00e2teaugay. Lisez, t\u00e9l\u00e9chargez et partagez ce document qui est un plaidoyer pour la protection du plateau de Lachaud. Et un grand merci \u00e0 la LPO pour la publication de ce document dans le cadre de la cr\u00e9ation de l\u2019atlas de la biodiversit\u00e9 de la m\u00e9tropole clermontoise. La nature \u00e0 Ch\u00e2teaugay doit&#8230;<\/p>\n<p class=\"read-more\"><a class=\"btn btn-default\" href=\"https:\/\/plateaulachaud.fr\/index.php\/2023\/06\/15\/la-nature-a-chateaugay-toujours-sans-nouvelle-carriere\/\">Lire la suite<span class=\"screen-reader-text\"> Lire la suite<\/span><\/a><\/p>\n","protected":false},"author":1,"featured_media":1549,"comment_status":"closed","ping_status":"open","sticky":false,"template":"","format":"standard","meta":{"_jetpack_memberships_contains_paid_content":false,"footnotes":""},"categories":[5,2],"tags":[125,111],"class_list":["post-1542","post","type-post","status-publish","format-standard","has-post-thumbnail","hentry","category-association","category-informations","tag-lpo","tag-nature"],"yoast_head":"<!-- This site is optimized with the Yoast SEO plugin v27.4 - https:\/\/yoast.com\/product\/yoast-seo-wordpress\/ -->\n<title>La nature \u00e0 Ch\u00e2teaugay, (toujours) sans nouvelle carri\u00e8re !<\/title>\n<meta name=\"description\" content=\"Un plaidoyer pour la protection de la nature et du plateau de Lachaud \u00e0 Ch\u00e2teaugay, sans nouvelle carri\u00e8re ! Un grand merci \u00e0 la LPO !\" \/>\n<meta name=\"robots\" content=\"index, follow, max-snippet:-1, max-image-preview:large, max-video-preview:-1\" \/>\n<link rel=\"canonical\" href=\"https:\/\/plateaulachaud.fr\/index.php\/2023\/06\/15\/la-nature-a-chateaugay-toujours-sans-nouvelle-carriere\/\" \/>\n<meta property=\"og:locale\" content=\"fr_FR\" \/>\n<meta property=\"og:type\" content=\"article\" \/>\n<meta property=\"og:title\" content=\"La nature \u00e0 Ch\u00e2teaugay, (toujours) sans nouvelle carri\u00e8re !\" \/>\n<meta property=\"og:description\" content=\"Un plaidoyer pour la protection de la nature et du plateau de Lachaud \u00e0 Ch\u00e2teaugay, sans nouvelle carri\u00e8re ! Un grand merci \u00e0 la LPO !\" \/>\n<meta property=\"og:url\" content=\"https:\/\/plateaulachaud.fr\/index.php\/2023\/06\/15\/la-nature-a-chateaugay-toujours-sans-nouvelle-carriere\/\" \/>\n<meta property=\"og:site_name\" content=\"Pr\u00e9servons le plateau de Lachaud et Ch\u00e2teaugay\" \/>\n<meta property=\"article:published_time\" content=\"2023-06-15T19:07:13+00:00\" \/>\n<meta property=\"article:modified_time\" content=\"2023-06-15T19:07:20+00:00\" \/>\n<meta property=\"og:image\" content=\"https:\/\/plateaulachaud.fr\/wp-content\/uploads\/2023\/06\/Tarier-patre.jpg\" \/>\n\t<meta property=\"og:image:width\" content=\"1024\" \/>\n\t<meta property=\"og:image:height\" content=\"683\" \/>\n\t<meta property=\"og:image:type\" content=\"image\/jpeg\" \/>\n<meta name=\"author\" content=\"Plateau Lachaud Chateaugay\" \/>\n<meta name=\"twitter:card\" content=\"summary_large_image\" \/>\n<meta name=\"twitter:label1\" content=\"\u00c9crit par\" \/>\n\t<meta name=\"twitter:data1\" content=\"Plateau Lachaud Chateaugay\" \/>\n\t<meta name=\"twitter:label2\" content=\"Dur\u00e9e de lecture estim\u00e9e\" \/>\n\t<meta name=\"twitter:data2\" content=\"4 minutes\" \/>\n<script type=\"application\/ld+json\" class=\"yoast-schema-graph\">{\"@context\":\"https:\\\/\\\/schema.org\",\"@graph\":[{\"@type\":\"Article\",\"@id\":\"https:\\\/\\\/plateaulachaud.fr\\\/index.php\\\/2023\\\/06\\\/15\\\/la-nature-a-chateaugay-toujours-sans-nouvelle-carriere\\\/#article\",\"isPartOf\":{\"@id\":\"https:\\\/\\\/plateaulachaud.fr\\\/index.php\\\/2023\\\/06\\\/15\\\/la-nature-a-chateaugay-toujours-sans-nouvelle-carriere\\\/\"},\"author\":{\"name\":\"Plateau Lachaud Chateaugay\",\"@id\":\"https:\\\/\\\/plateaulachaud.fr\\\/#\\\/schema\\\/person\\\/013b3519bbc672f4c8b9fe394232c1b2\"},\"headline\":\"La nature \u00e0 Ch\u00e2teaugay, (toujours) sans nouvelle carri\u00e8re !\",\"datePublished\":\"2023-06-15T19:07:13+00:00\",\"dateModified\":\"2023-06-15T19:07:20+00:00\",\"mainEntityOfPage\":{\"@id\":\"https:\\\/\\\/plateaulachaud.fr\\\/index.php\\\/2023\\\/06\\\/15\\\/la-nature-a-chateaugay-toujours-sans-nouvelle-carriere\\\/\"},\"wordCount\":627,\"publisher\":{\"@id\":\"https:\\\/\\\/plateaulachaud.fr\\\/#organization\"},\"image\":{\"@id\":\"https:\\\/\\\/plateaulachaud.fr\\\/index.php\\\/2023\\\/06\\\/15\\\/la-nature-a-chateaugay-toujours-sans-nouvelle-carriere\\\/#primaryimage\"},\"thumbnailUrl\":\"https:\\\/\\\/i0.wp.com\\\/plateaulachaud.fr\\\/wp-content\\\/uploads\\\/2023\\\/06\\\/Tarier-patre.jpg?fit=1024%2C683&ssl=1\",\"keywords\":[\"LPO\",\"nature\"],\"articleSection\":[\"association\",\"informations\"],\"inLanguage\":\"fr-FR\"},{\"@type\":\"WebPage\",\"@id\":\"https:\\\/\\\/plateaulachaud.fr\\\/index.php\\\/2023\\\/06\\\/15\\\/la-nature-a-chateaugay-toujours-sans-nouvelle-carriere\\\/\",\"url\":\"https:\\\/\\\/plateaulachaud.fr\\\/index.php\\\/2023\\\/06\\\/15\\\/la-nature-a-chateaugay-toujours-sans-nouvelle-carriere\\\/\",\"name\":\"La nature \u00e0 Ch\u00e2teaugay, (toujours) sans nouvelle carri\u00e8re !\",\"isPartOf\":{\"@id\":\"https:\\\/\\\/plateaulachaud.fr\\\/#website\"},\"primaryImageOfPage\":{\"@id\":\"https:\\\/\\\/plateaulachaud.fr\\\/index.php\\\/2023\\\/06\\\/15\\\/la-nature-a-chateaugay-toujours-sans-nouvelle-carriere\\\/#primaryimage\"},\"image\":{\"@id\":\"https:\\\/\\\/plateaulachaud.fr\\\/index.php\\\/2023\\\/06\\\/15\\\/la-nature-a-chateaugay-toujours-sans-nouvelle-carriere\\\/#primaryimage\"},\"thumbnailUrl\":\"https:\\\/\\\/i0.wp.com\\\/plateaulachaud.fr\\\/wp-content\\\/uploads\\\/2023\\\/06\\\/Tarier-patre.jpg?fit=1024%2C683&ssl=1\",\"datePublished\":\"2023-06-15T19:07:13+00:00\",\"dateModified\":\"2023-06-15T19:07:20+00:00\",\"description\":\"Un plaidoyer pour la protection de la nature et du plateau de Lachaud \u00e0 Ch\u00e2teaugay, sans nouvelle carri\u00e8re ! Un grand merci \u00e0 la LPO !\",\"breadcrumb\":{\"@id\":\"https:\\\/\\\/plateaulachaud.fr\\\/index.php\\\/2023\\\/06\\\/15\\\/la-nature-a-chateaugay-toujours-sans-nouvelle-carriere\\\/#breadcrumb\"},\"inLanguage\":\"fr-FR\",\"potentialAction\":[{\"@type\":\"ReadAction\",\"target\":[\"https:\\\/\\\/plateaulachaud.fr\\\/index.php\\\/2023\\\/06\\\/15\\\/la-nature-a-chateaugay-toujours-sans-nouvelle-carriere\\\/\"]}]},{\"@type\":\"ImageObject\",\"inLanguage\":\"fr-FR\",\"@id\":\"https:\\\/\\\/plateaulachaud.fr\\\/index.php\\\/2023\\\/06\\\/15\\\/la-nature-a-chateaugay-toujours-sans-nouvelle-carriere\\\/#primaryimage\",\"url\":\"https:\\\/\\\/i0.wp.com\\\/plateaulachaud.fr\\\/wp-content\\\/uploads\\\/2023\\\/06\\\/Tarier-patre.jpg?fit=1024%2C683&ssl=1\",\"contentUrl\":\"https:\\\/\\\/i0.wp.com\\\/plateaulachaud.fr\\\/wp-content\\\/uploads\\\/2023\\\/06\\\/Tarier-patre.jpg?fit=1024%2C683&ssl=1\",\"width\":1024,\"height\":683,\"caption\":\"European Stonechat (Saxicola rubicola) male, at Ichkeul national park. Le Tarier patre Photo de El Golli Mohamed \u2014 Travail personnel\"},{\"@type\":\"BreadcrumbList\",\"@id\":\"https:\\\/\\\/plateaulachaud.fr\\\/index.php\\\/2023\\\/06\\\/15\\\/la-nature-a-chateaugay-toujours-sans-nouvelle-carriere\\\/#breadcrumb\",\"itemListElement\":[{\"@type\":\"ListItem\",\"position\":1,\"name\":\"Accueil\",\"item\":\"https:\\\/\\\/plateaulachaud.fr\\\/\"},{\"@type\":\"ListItem\",\"position\":2,\"name\":\"La nature \u00e0 Ch\u00e2teaugay, (toujours) sans nouvelle carri\u00e8re !\"}]},{\"@type\":\"WebSite\",\"@id\":\"https:\\\/\\\/plateaulachaud.fr\\\/#website\",\"url\":\"https:\\\/\\\/plateaulachaud.fr\\\/\",\"name\":\"Pr\u00e9servons le plateau de Lachaud et Ch\u00e2teaugay\",\"description\":\"Non \u00e0 une nouvelle carri\u00e8re.\",\"publisher\":{\"@id\":\"https:\\\/\\\/plateaulachaud.fr\\\/#organization\"},\"potentialAction\":[{\"@type\":\"SearchAction\",\"target\":{\"@type\":\"EntryPoint\",\"urlTemplate\":\"https:\\\/\\\/plateaulachaud.fr\\\/?s={search_term_string}\"},\"query-input\":{\"@type\":\"PropertyValueSpecification\",\"valueRequired\":true,\"valueName\":\"search_term_string\"}}],\"inLanguage\":\"fr-FR\"},{\"@type\":\"Organization\",\"@id\":\"https:\\\/\\\/plateaulachaud.fr\\\/#organization\",\"name\":\"Pr\u00e9servons le Plateau de Lachaud et Ch\u00e2teaugay\",\"url\":\"https:\\\/\\\/plateaulachaud.fr\\\/\",\"logo\":{\"@type\":\"ImageObject\",\"inLanguage\":\"fr-FR\",\"@id\":\"https:\\\/\\\/plateaulachaud.fr\\\/#\\\/schema\\\/logo\\\/image\\\/\",\"url\":\"https:\\\/\\\/i2.wp.com\\\/plateaulachaud.fr\\\/wp-content\\\/uploads\\\/2019\\\/09\\\/Plateau-arc-en-ciel-PANO.jpg?fit=6235%2C1606&ssl=1\",\"contentUrl\":\"https:\\\/\\\/i2.wp.com\\\/plateaulachaud.fr\\\/wp-content\\\/uploads\\\/2019\\\/09\\\/Plateau-arc-en-ciel-PANO.jpg?fit=6235%2C1606&ssl=1\",\"width\":6235,\"height\":1606,\"caption\":\"Pr\u00e9servons le Plateau de Lachaud et Ch\u00e2teaugay\"},\"image\":{\"@id\":\"https:\\\/\\\/plateaulachaud.fr\\\/#\\\/schema\\\/logo\\\/image\\\/\"}},{\"@type\":\"Person\",\"@id\":\"https:\\\/\\\/plateaulachaud.fr\\\/#\\\/schema\\\/person\\\/013b3519bbc672f4c8b9fe394232c1b2\",\"name\":\"Plateau Lachaud Chateaugay\",\"image\":{\"@type\":\"ImageObject\",\"inLanguage\":\"fr-FR\",\"@id\":\"https:\\\/\\\/secure.gravatar.com\\\/avatar\\\/bed4b70c9efab4b41409d924840dcfe309085d1c7dc8c0cf8c390f6538e41baa?s=96&d=mm&r=g\",\"url\":\"https:\\\/\\\/secure.gravatar.com\\\/avatar\\\/bed4b70c9efab4b41409d924840dcfe309085d1c7dc8c0cf8c390f6538e41baa?s=96&d=mm&r=g\",\"contentUrl\":\"https:\\\/\\\/secure.gravatar.com\\\/avatar\\\/bed4b70c9efab4b41409d924840dcfe309085d1c7dc8c0cf8c390f6538e41baa?s=96&d=mm&r=g\",\"caption\":\"Plateau Lachaud Chateaugay\"}}]}<\/script>\n<!-- \/ Yoast SEO plugin. -->","yoast_head_json":{"title":"La nature \u00e0 Ch\u00e2teaugay, (toujours) sans nouvelle carri\u00e8re !","description":"Un plaidoyer pour la protection de la nature et du plateau de Lachaud \u00e0 Ch\u00e2teaugay, sans nouvelle carri\u00e8re ! Un grand merci \u00e0 la LPO !","robots":{"index":"index","follow":"follow","max-snippet":"max-snippet:-1","max-image-preview":"max-image-preview:large","max-video-preview":"max-video-preview:-1"},"canonical":"https:\/\/plateaulachaud.fr\/index.php\/2023\/06\/15\/la-nature-a-chateaugay-toujours-sans-nouvelle-carriere\/","og_locale":"fr_FR","og_type":"article","og_title":"La nature \u00e0 Ch\u00e2teaugay, (toujours) sans nouvelle carri\u00e8re !","og_description":"Un plaidoyer pour la protection de la nature et du plateau de Lachaud \u00e0 Ch\u00e2teaugay, sans nouvelle carri\u00e8re ! Un grand merci \u00e0 la LPO !","og_url":"https:\/\/plateaulachaud.fr\/index.php\/2023\/06\/15\/la-nature-a-chateaugay-toujours-sans-nouvelle-carriere\/","og_site_name":"Pr\u00e9servons le plateau de Lachaud et Ch\u00e2teaugay","article_published_time":"2023-06-15T19:07:13+00:00","article_modified_time":"2023-06-15T19:07:20+00:00","og_image":[{"width":1024,"height":683,"url":"https:\/\/plateaulachaud.fr\/wp-content\/uploads\/2023\/06\/Tarier-patre.jpg","type":"image\/jpeg"}],"author":"Plateau Lachaud Chateaugay","twitter_card":"summary_large_image","twitter_misc":{"\u00c9crit par":"Plateau Lachaud Chateaugay","Dur\u00e9e de lecture estim\u00e9e":"4 minutes"},"schema":{"@context":"https:\/\/schema.org","@graph":[{"@type":"Article","@id":"https:\/\/plateaulachaud.fr\/index.php\/2023\/06\/15\/la-nature-a-chateaugay-toujours-sans-nouvelle-carriere\/#article","isPartOf":{"@id":"https:\/\/plateaulachaud.fr\/index.php\/2023\/06\/15\/la-nature-a-chateaugay-toujours-sans-nouvelle-carriere\/"},"author":{"name":"Plateau Lachaud Chateaugay","@id":"https:\/\/plateaulachaud.fr\/#\/schema\/person\/013b3519bbc672f4c8b9fe394232c1b2"},"headline":"La nature \u00e0 Ch\u00e2teaugay, (toujours) sans nouvelle carri\u00e8re !","datePublished":"2023-06-15T19:07:13+00:00","dateModified":"2023-06-15T19:07:20+00:00","mainEntityOfPage":{"@id":"https:\/\/plateaulachaud.fr\/index.php\/2023\/06\/15\/la-nature-a-chateaugay-toujours-sans-nouvelle-carriere\/"},"wordCount":627,"publisher":{"@id":"https:\/\/plateaulachaud.fr\/#organization"},"image":{"@id":"https:\/\/plateaulachaud.fr\/index.php\/2023\/06\/15\/la-nature-a-chateaugay-toujours-sans-nouvelle-carriere\/#primaryimage"},"thumbnailUrl":"https:\/\/i0.wp.com\/plateaulachaud.fr\/wp-content\/uploads\/2023\/06\/Tarier-patre.jpg?fit=1024%2C683&ssl=1","keywords":["LPO","nature"],"articleSection":["association","informations"],"inLanguage":"fr-FR"},{"@type":"WebPage","@id":"https:\/\/plateaulachaud.fr\/index.php\/2023\/06\/15\/la-nature-a-chateaugay-toujours-sans-nouvelle-carriere\/","url":"https:\/\/plateaulachaud.fr\/index.php\/2023\/06\/15\/la-nature-a-chateaugay-toujours-sans-nouvelle-carriere\/","name":"La nature \u00e0 Ch\u00e2teaugay, (toujours) sans nouvelle carri\u00e8re !","isPartOf":{"@id":"https:\/\/plateaulachaud.fr\/#website"},"primaryImageOfPage":{"@id":"https:\/\/plateaulachaud.fr\/index.php\/2023\/06\/15\/la-nature-a-chateaugay-toujours-sans-nouvelle-carriere\/#primaryimage"},"image":{"@id":"https:\/\/plateaulachaud.fr\/index.php\/2023\/06\/15\/la-nature-a-chateaugay-toujours-sans-nouvelle-carriere\/#primaryimage"},"thumbnailUrl":"https:\/\/i0.wp.com\/plateaulachaud.fr\/wp-content\/uploads\/2023\/06\/Tarier-patre.jpg?fit=1024%2C683&ssl=1","datePublished":"2023-06-15T19:07:13+00:00","dateModified":"2023-06-15T19:07:20+00:00","description":"Un plaidoyer pour la protection de la nature et du plateau de Lachaud \u00e0 Ch\u00e2teaugay, sans nouvelle carri\u00e8re ! Un grand merci \u00e0 la LPO !","breadcrumb":{"@id":"https:\/\/plateaulachaud.fr\/index.php\/2023\/06\/15\/la-nature-a-chateaugay-toujours-sans-nouvelle-carriere\/#breadcrumb"},"inLanguage":"fr-FR","potentialAction":[{"@type":"ReadAction","target":["https:\/\/plateaulachaud.fr\/index.php\/2023\/06\/15\/la-nature-a-chateaugay-toujours-sans-nouvelle-carriere\/"]}]},{"@type":"ImageObject","inLanguage":"fr-FR","@id":"https:\/\/plateaulachaud.fr\/index.php\/2023\/06\/15\/la-nature-a-chateaugay-toujours-sans-nouvelle-carriere\/#primaryimage","url":"https:\/\/i0.wp.com\/plateaulachaud.fr\/wp-content\/uploads\/2023\/06\/Tarier-patre.jpg?fit=1024%2C683&ssl=1","contentUrl":"https:\/\/i0.wp.com\/plateaulachaud.fr\/wp-content\/uploads\/2023\/06\/Tarier-patre.jpg?fit=1024%2C683&ssl=1","width":1024,"height":683,"caption":"European Stonechat (Saxicola rubicola) male, at Ichkeul national park. Le Tarier patre Photo de El Golli Mohamed \u2014 Travail personnel"},{"@type":"BreadcrumbList","@id":"https:\/\/plateaulachaud.fr\/index.php\/2023\/06\/15\/la-nature-a-chateaugay-toujours-sans-nouvelle-carriere\/#breadcrumb","itemListElement":[{"@type":"ListItem","position":1,"name":"Accueil","item":"https:\/\/plateaulachaud.fr\/"},{"@type":"ListItem","position":2,"name":"La nature \u00e0 Ch\u00e2teaugay, (toujours) sans nouvelle carri\u00e8re !"}]},{"@type":"WebSite","@id":"https:\/\/plateaulachaud.fr\/#website","url":"https:\/\/plateaulachaud.fr\/","name":"Pr\u00e9servons le plateau de Lachaud et Ch\u00e2teaugay","description":"Non \u00e0 une nouvelle carri\u00e8re.","publisher":{"@id":"https:\/\/plateaulachaud.fr\/#organization"},"potentialAction":[{"@type":"SearchAction","target":{"@type":"EntryPoint","urlTemplate":"https:\/\/plateaulachaud.fr\/?s={search_term_string}"},"query-input":{"@type":"PropertyValueSpecification","valueRequired":true,"valueName":"search_term_string"}}],"inLanguage":"fr-FR"},{"@type":"Organization","@id":"https:\/\/plateaulachaud.fr\/#organization","name":"Pr\u00e9servons le Plateau de Lachaud et Ch\u00e2teaugay","url":"https:\/\/plateaulachaud.fr\/","logo":{"@type":"ImageObject","inLanguage":"fr-FR","@id":"https:\/\/plateaulachaud.fr\/#\/schema\/logo\/image\/","url":"https:\/\/i2.wp.com\/plateaulachaud.fr\/wp-content\/uploads\/2019\/09\/Plateau-arc-en-ciel-PANO.jpg?fit=6235%2C1606&ssl=1","contentUrl":"https:\/\/i2.wp.com\/plateaulachaud.fr\/wp-content\/uploads\/2019\/09\/Plateau-arc-en-ciel-PANO.jpg?fit=6235%2C1606&ssl=1","width":6235,"height":1606,"caption":"Pr\u00e9servons le Plateau de Lachaud et Ch\u00e2teaugay"},"image":{"@id":"https:\/\/plateaulachaud.fr\/#\/schema\/logo\/image\/"}},{"@type":"Person","@id":"https:\/\/plateaulachaud.fr\/#\/schema\/person\/013b3519bbc672f4c8b9fe394232c1b2","name":"Plateau Lachaud Chateaugay","image":{"@type":"ImageObject","inLanguage":"fr-FR","@id":"https:\/\/secure.gravatar.com\/avatar\/bed4b70c9efab4b41409d924840dcfe309085d1c7dc8c0cf8c390f6538e41baa?s=96&d=mm&r=g","url":"https:\/\/secure.gravatar.com\/avatar\/bed4b70c9efab4b41409d924840dcfe309085d1c7dc8c0cf8c390f6538e41baa?s=96&d=mm&r=g","contentUrl":"https:\/\/secure.gravatar.com\/avatar\/bed4b70c9efab4b41409d924840dcfe309085d1c7dc8c0cf8c390f6538e41baa?s=96&d=mm&r=g","caption":"Plateau Lachaud Chateaugay"}}]}},"jetpack_featured_media_url":"https:\/\/i0.wp.com\/plateaulachaud.fr\/wp-content\/uploads\/2023\/06\/Tarier-patre.jpg?fit=1024%2C683&ssl=1","jetpack_sharing_enabled":true,"_links":{"self":[{"href":"https:\/\/plateaulachaud.fr\/index.php\/wp-json\/wp\/v2\/posts\/1542","targetHints":{"allow":["GET"]}}],"collection":[{"href":"https:\/\/plateaulachaud.fr\/index.php\/wp-json\/wp\/v2\/posts"}],"about":[{"href":"https:\/\/plateaulachaud.fr\/index.php\/wp-json\/wp\/v2\/types\/post"}],"author":[{"embeddable":true,"href":"https:\/\/plateaulachaud.fr\/index.php\/wp-json\/wp\/v2\/users\/1"}],"replies":[{"embeddable":true,"href":"https:\/\/plateaulachaud.fr\/index.php\/wp-json\/wp\/v2\/comments?post=1542"}],"version-history":[{"count":8,"href":"https:\/\/plateaulachaud.fr\/index.php\/wp-json\/wp\/v2\/posts\/1542\/revisions"}],"predecessor-version":[{"id":1556,"href":"https:\/\/plateaulachaud.fr\/index.php\/wp-json\/wp\/v2\/posts\/1542\/revisions\/1556"}],"wp:featuredmedia":[{"embeddable":true,"href":"https:\/\/plateaulachaud.fr\/index.php\/wp-json\/wp\/v2\/media\/1549"}],"wp:attachment":[{"href":"https:\/\/plateaulachaud.fr\/index.php\/wp-json\/wp\/v2\/media?parent=1542"}],"wp:term":[{"taxonomy":"category","embeddable":true,"href":"https:\/\/plateaulachaud.fr\/index.php\/wp-json\/wp\/v2\/categories?post=1542"},{"taxonomy":"post_tag","embeddable":true,"href":"https:\/\/plateaulachaud.fr\/index.php\/wp-json\/wp\/v2\/tags?post=1542"}],"curies":[{"name":"wp","href":"https:\/\/api.w.org\/{rel}","templated":true}]}}