{"id":1269,"date":"2021-09-15T20:41:56","date_gmt":"2021-09-15T18:41:56","guid":{"rendered":"https:\/\/plateaulachaud.fr\/?p=1269"},"modified":"2021-09-15T20:41:57","modified_gmt":"2021-09-15T18:41:57","slug":"une-petite-visite-a-la-carriere-de-chateaugay-ce-we-ou-pas","status":"publish","type":"post","link":"https:\/\/plateaulachaud.fr\/index.php\/2021\/09\/15\/une-petite-visite-a-la-carriere-de-chateaugay-ce-we-ou-pas\/","title":{"rendered":"Une petite visite \u00e0 la carri\u00e8re de Ch\u00e2teaugay ce we ? (ou pas !)"},"content":{"rendered":"\n<p>Bonjour \u00e0 toutes et \u00e0 tous. Ce samedi 18 septembre 2021 l&rsquo;exploitant donne l&rsquo;occasion au grand public de faire une visite de la carri\u00e8re de Ch\u00e2teaugay. Apr\u00e8s avoir <a href=\"http:\/\/dit papa\" target=\"_blank\" rel=\"noreferrer noopener\">cibl\u00e9 nos enfants<\/a> le vendredi.<\/p>\n\n\n\n<h2 class=\"wp-block-heading\">Une \u00e9tape du lobbying<\/h2>\n\n\n\n<p>Cette visite est un processus logique du point de vue de l&rsquo;exploitant. Rappelez-vous la communication \u00e0 l&rsquo;occasion du <a href=\"https:\/\/plateaulachaud.fr\/index.php\/2020\/09\/15\/une-carriere-a-chateaugay-merci-france-2\/\" target=\"_blank\" rel=\"noreferrer noopener\">tour de France<\/a>, quand Eurovia avait sponsoris\u00e9 une vid\u00e9o sur France2 (qui n&rsquo;a jamais daign\u00e9 r\u00e9pondre \u00e0 nos questions). Il s&rsquo;agit de \u00ab\u00a0communiquer de fa\u00e7on positive\u00a0\u00bb, en omettant des pans entiers de la r\u00e9alit\u00e9. Et ce processus a d\u00e9but\u00e9 il y a fort longtemps. Le conseil municipal ayant vot\u00e9 (en janvier 2018 \u00e0 l&rsquo;unanimit\u00e9) pour le projet, \u00e0 la suite d&rsquo;une pr\u00e9sentation faite en conseil municipal. Cette pr\u00e9sentation n&rsquo;\u00e9tait pas jointe (en octobre 2019) au dossier complet consultable en mairie.<\/p>\n\n\n\n<h2 class=\"wp-block-heading\">Quand la municipalit\u00e9 promeut une initiative priv\u00e9e. <\/h2>\n\n\n\n<figure class=\"wp-block-image size-large\"><img data-recalc-dims=\"1\" loading=\"lazy\" decoding=\"async\" width=\"640\" height=\"360\" src=\"https:\/\/i0.wp.com\/plateaulachaud.fr\/wp-content\/uploads\/2021\/09\/Panneau-municipal-avec-invitation-visite-de-la-carriere.jpg?resize=640%2C360&#038;ssl=1\" alt=\"Panneau municipal avec invitation visite de la carri\u00e8re de Ch\u00e2teaugay.\" class=\"wp-image-1271\" srcset=\"https:\/\/i0.wp.com\/plateaulachaud.fr\/wp-content\/uploads\/2021\/09\/Panneau-municipal-avec-invitation-visite-de-la-carriere-scaled.jpg?resize=1024%2C576&amp;ssl=1 1024w, https:\/\/i0.wp.com\/plateaulachaud.fr\/wp-content\/uploads\/2021\/09\/Panneau-municipal-avec-invitation-visite-de-la-carriere-scaled.jpg?resize=300%2C169&amp;ssl=1 300w, https:\/\/i0.wp.com\/plateaulachaud.fr\/wp-content\/uploads\/2021\/09\/Panneau-municipal-avec-invitation-visite-de-la-carriere-scaled.jpg?resize=768%2C432&amp;ssl=1 768w, https:\/\/i0.wp.com\/plateaulachaud.fr\/wp-content\/uploads\/2021\/09\/Panneau-municipal-avec-invitation-visite-de-la-carriere-scaled.jpg?resize=1536%2C864&amp;ssl=1 1536w, https:\/\/i0.wp.com\/plateaulachaud.fr\/wp-content\/uploads\/2021\/09\/Panneau-municipal-avec-invitation-visite-de-la-carriere-scaled.jpg?resize=2048%2C1152&amp;ssl=1 2048w, https:\/\/i0.wp.com\/plateaulachaud.fr\/wp-content\/uploads\/2021\/09\/Panneau-municipal-avec-invitation-visite-de-la-carriere-scaled.jpg?resize=480%2C270&amp;ssl=1 480w, https:\/\/i0.wp.com\/plateaulachaud.fr\/wp-content\/uploads\/2021\/09\/Panneau-municipal-avec-invitation-visite-de-la-carriere-scaled.jpg?w=1280&amp;ssl=1 1280w, https:\/\/i0.wp.com\/plateaulachaud.fr\/wp-content\/uploads\/2021\/09\/Panneau-municipal-avec-invitation-visite-de-la-carriere-scaled.jpg?w=1920&amp;ssl=1 1920w\" sizes=\"auto, (max-width: 640px) 100vw, 640px\" \/><figcaption>Panneau municipal avec invitation visite de la carri\u00e8re de Ch\u00e2teaugay.<\/figcaption><\/figure>\n\n\n\n<p>Tout en interdisant le m\u00eame acc\u00e8s \u00e0 ces panneaux pour notre association (loi 1901), la municipalit\u00e9 promeut l&rsquo;initiative du carrier. En effet plusieurs demandes d&rsquo;affichage de notre part se sont vues refus\u00e9es au motif suivant :<\/p>\n\n\n\n<figure class=\"wp-block-pullquote\"><blockquote><p>Bonjour, Les panneaux de la Mairie sont r\u00e9serv\u00e9s aux informations municipales. Cordialement, Le Maire,<\/p><cite>mar. 22 oct. 2019 \u00e0 09:23. Mail.<\/cite><\/blockquote><\/figure>\n\n\n\n<p>On peut se consoler en se disant que les panneaux auront servi quelques fois \u00e0 parler de la carri\u00e8re !<\/p>\n\n\n\n<p>Mais nous pouvons nous interroger sur la publicit\u00e9 faite par la municipalit\u00e9 pour cet \u00e9v\u00e8nement. Cette visite n&rsquo;est clairement pas pr\u00e9sente dans le programme officiel des<a href=\"https:\/\/journeesdupatrimoine.culture.gouv.fr\/programme#\/search?dates=2021-09-18%2C2021-09-19@45.8482457,3.0740749,13.11\" target=\"_blank\" rel=\"noreferrer noopener\"> Journ\u00e9es Europ\u00e9ennes du Patrimoine<\/a>. Le positionnement \u00e0 c\u00f4t\u00e9 des affiches des <a href=\"https:\/\/journeesdupatrimoine.culture.gouv.fr\/programme#\/search?dates=2021-09-18%2C2021-09-19@45.8482457,3.0740749,13.11\" target=\"_blank\" rel=\"noreferrer noopener\">Journ\u00e9es Europ\u00e9ennes du Patrimoine<\/a> et les termes \u00ab\u00a0<em>patrimoine de notre quotidien<\/em>\u00a0\u00bb sur l&rsquo;affiche du carrier peuvent le laisser croire. C&rsquo;est en tout cas suffisant pour la municipalit\u00e9 pour en faire \u00ab\u00a0<em>un \u00e9v\u00e9nement important propos\u00e9 par une association et qui concerne express\u00e9ment\u00a0la vie du village et son image<\/em>\u00a0\u00bb ainsi digne d&rsquo;\u00eatre affich\u00e9. <\/p>\n\n\n\n<h2 class=\"wp-block-heading\">Et apr\u00e8s ?<\/h2>\n\n\n\n<p>Le lobbying va continuer. En 2022 nous pouvons nous attendre \u00e0 la <a href=\"https:\/\/explain.fr\/avis-clients\/extension-dune-carriere-mobiliser-les-riverains-avant-lenquete-publique\/#!\" target=\"_blank\" rel=\"noreferrer noopener\">visite des ambassadeurs<\/a>. Comme \u00e0 Solignac sur Loire o\u00f9 ce m\u00eame carrier avait pr\u00e9vu de prolonger l\u2019exploitation de sa carri\u00e8re de basalte. 7 ambassadeurs ont parcouru la commune pour faire du porte \u00e0 porte afin de \u00ab\u00a0communiquer positivement\u00a0\u00bb sur la carri\u00e8re. Gageons que nous saurons tous ce jour-l\u00e0 poser les bonnes questions !<\/p>\n\n\n\n<h2 class=\"wp-block-heading\">En attendant, quelques questions \u00e0 poser ce WE !<\/h2>\n\n\n\n<ul class=\"wp-block-list\"><li>Combien \u00e7a rapporte \u00e0 une commune une carri\u00e8re ? Est-ce variable (en comparant les m\u00eames conditions d&rsquo;exploitation, les m\u00eames mat\u00e9riaux) ?<\/li><li>Combien de tonnes de cailloux ont \u00e9t\u00e9 livr\u00e9es pour le chantier autoroutier bien proche de votre exploitation ? Si vous n&rsquo;avez pas livr\u00e9 de cailloux pourquoi ? Le vertueux circuit-court (et les \u00e9conomies de CO2) n&rsquo;a pas pu fonctionner ?<\/li><li>L&rsquo;activit\u00e9 ISDI (ancienne d\u00e9charge de type 2 avec le d\u00e9p\u00f4ts des d\u00e9chets du b\u00e2timent) de la carri\u00e8re actuelle sera-t-elle maintenue au-del\u00e0 de la date initialement pr\u00e9vue ?<\/li><li>Cette activit\u00e9 ISDI est souvent r\u00e9mun\u00e9ratrice pour les propri\u00e9taires des terrains exploit\u00e9s, est-ce le cas ici ? Est-ce que cela sera le cas pour votre projet sur le plateau de Lachaud ?<\/li><li>Pourra-t-on se baigner dans le plan d&rsquo;eau am\u00e9nag\u00e9 en fin d&rsquo;exploitation ?<\/li><li>La direction d\u00e9partementale de l&rsquo;Agriculture et de la For\u00eat (DDAF, aujourd&rsquo;hui DDT) \u00a0notait en 2005 que toute l&rsquo;eau qui tombe sur l&#8217;emprise de la carri\u00e8re s&rsquo;\u00e9vapore, c&rsquo;est vrai ?<\/li><li>Les poussi\u00e8res de silice cristalline sont class\u00e9es canc\u00e9rig\u00e8nes depuis janvier 2021 ! Est ce qu&rsquo;il y a de la silice dans le basalte de Ch\u00e2teaugay ?<\/li><li>Pourquoi toutes les pistes ne sont pas arros\u00e9es ? Pourquoi ne pas utiliser une petite citerne pour arroser l\u00e0 o\u00f9 il n&rsquo;y a pas d&rsquo;aspersion ?<\/li><li>La pose des pi\u00e9zom\u00e8tres manifeste visiblement une inqui\u00e9tude de votre part concernant la ressource en eau, quel sera l&rsquo;impact des tirs de mines, de l&rsquo;exploitation (voir la remarque de la DDAF plus haut) sur un bien si pr\u00e9cieux ? Quelle sera la consommation d&rsquo;eau d&rsquo;un projet de cette envergure ?<\/li><li>Allez-vous exploiter conjointement avec SBC sur votre projet du plateau de Lachaud ? Pourquoi SBC a achet\u00e9 50 hectares \u00e0 c\u00f4t\u00e9 ? Ceci porte la zone d&rsquo;\u00e9tude \u00e0 110 hectares, n&rsquo;est-ce-pas d\u00e9mesur\u00e9 ?<\/li><li>Vous pr\u00e9sentez la biodiversit\u00e9 \u00e0 l&rsquo;\u00e9chelle de la carri\u00e8re (40 hectares en exploitation), comment se compare-t-elle avec la m\u00eame surface inexploit\u00e9e et pr\u00e9serv\u00e9e du plateau de Lachaud ?<\/li><li>La protection de la laineuse du prunellier est-elle impos\u00e9e par vos conditions d&rsquo;exploitation ou est-ce une action purement volontaire de votre part ?<\/li><li>En 2019 un autre carrier propri\u00e9taire terrien sur le plateau de Lachaud a laiss\u00e9 s&rsquo;effectuer un d\u00e9frichement sur une dizaine d&rsquo;hectares alors qu&rsquo;il s&rsquo;agissait d&rsquo;un p\u00e9rim\u00e8tre couvert par votre \u00e9tude environnementale et qui plus est un lieu de nidification de cette m\u00eame laineuse du prunellier, inscrite sur les listes rouges des esp\u00e8ces en voie de disparition. Qu&rsquo;en pensez-vous ?<\/li><li>Quelle action pr\u00e9voyez vous de mettre en \u0153uvre pour pr\u00e9server la population d&rsquo;\u00e9crevisses \u00e0 pattes blanches (menac\u00e9e par votre projet sur le plateau de Lachaud) du ruisseau en contrebas ?<\/li><li>Serez-vous capable de laisser tomber ce projet aux vues des incoh\u00e9rences soci\u00e9tales et environnementales qu&rsquo;il provoque et abandonner ainsi votre recherche de profits ?<\/li><\/ul>\n\n\n\n<h2 class=\"wp-block-heading\">Pour les enfants, des questionnements aussi<\/h2>\n\n\n\n<ul class=\"wp-block-list\"><li>Les poussi\u00e8res de silice cristalline provoquent des maladies ! Est ce qu&rsquo;il y a de la silice dans la carri\u00e8re de Ch\u00e2teaugay et est-ce dangereux ?<\/li><li>Est-ce qu&rsquo;on pourra se baigner quand cette carri\u00e8re sera ferm\u00e9e ? Si on ne peut pas, pourquoi ?&nbsp;<\/li><li>Combien d\u2019animaux ont perdu leur maison dans cette carri\u00e8re&nbsp;et combien seraient d\u00e9log\u00e9s par le nouveau projet ?&nbsp;<\/li><li>Combien de tonnes de d\u00e9chets avons-nous d\u00e9j\u00e0 sous nos pieds ?<\/li><li>Combien de litres d\u2019eau sont utilis\u00e9s chaque jour dans une carri\u00e8re ?&nbsp;Que devient l&rsquo;eau ?<\/li><li>Combien de camions circulent chaque jour sur les routes de Ch\u00e2teaugay pour la carri\u00e8re ? Combien circuleraient pour le nouveau projet ?<\/li><li>Pourquoi ressentons-nous et \u00e9coutons nous les explosions de la carri\u00e8re ? Est-ce que cela peut ab\u00eemer la maison de papa et maman ?<\/li><li>On voit un gros trou \u00e0 Ch\u00e2teaugay depuis le sommet du puy de d\u00f4me, c&rsquo;est dommage pour le paysage non (et le patrimoine UNESCO) ?<\/li><\/ul>\n\n\n\n<h2 class=\"wp-block-heading\">Communiquons de fa\u00e7on positive !<\/h2>\n\n\n\n<p>Notre argumentaire est fort, construit au fil des ann\u00e9es, consolid\u00e9 par vos remarques, vos encouragements et tous nos soutiens (adh\u00e9rents, sympathisants discrets, autres associations etc.). Nous saurons nous faire entendre lors de toutes les \u00e9tapes cruciales afin de lutter contre ce projet nuisible pour notre commune et tous les riverains.<\/p>\n\n\n\n<p>Notre discours sera d&rsquo;autant plus audible que nous serons nombreux. Il est temps de se mobiliser pour faire face \u00e0 l&rsquo;insistance de l&rsquo;exploitant. La commune n&rsquo;a rien (<a href=\"https:\/\/plateaulachaud.fr\/index.php\/2021\/03\/24\/une-nouvelle-carriere-a-chateaugay-contrat-bien-encadre-ou-veritable-pillage\/\" target=\"_blank\" rel=\"noreferrer noopener\">ou si peu&#8230;<\/a>) \u00e0 gagner dans ce projet o\u00f9 tout est \u00e0 l&rsquo;initiative et au b\u00e9n\u00e9fice du carrier. <a href=\"https:\/\/plateaulachaud.fr\/index.php\/2019\/03\/17\/nous-rejoindre\/\" target=\"_blank\" rel=\"noreferrer noopener\">Adh\u00e9rez et faites adh\u00e9rer<\/a>.<\/p>\n","protected":false},"excerpt":{"rendered":"<p>Bonjour \u00e0 toutes et \u00e0 tous. Ce samedi 18 septembre 2021 l&rsquo;exploitant donne l&rsquo;occasion au grand public de faire une visite de la carri\u00e8re de Ch\u00e2teaugay. Apr\u00e8s avoir cibl\u00e9 nos enfants le vendredi. Une \u00e9tape du lobbying Cette visite est un processus logique du point de vue de l&rsquo;exploitant. Rappelez-vous la communication \u00e0 l&rsquo;occasion du tour de France, quand Eurovia avait sponsoris\u00e9 une vid\u00e9o sur France2 (qui n&rsquo;a jamais daign\u00e9 r\u00e9pondre \u00e0 nos questions). Il s&rsquo;agit de \u00ab\u00a0communiquer de fa\u00e7on&#8230;<\/p>\n<p class=\"read-more\"><a class=\"btn btn-default\" href=\"https:\/\/plateaulachaud.fr\/index.php\/2021\/09\/15\/une-petite-visite-a-la-carriere-de-chateaugay-ce-we-ou-pas\/\">Lire la suite<span class=\"screen-reader-text\"> Lire la suite<\/span><\/a><\/p>\n","protected":false},"author":1,"featured_media":1270,"comment_status":"closed","ping_status":"open","sticky":false,"template":"","format":"standard","meta":{"_jetpack_memberships_contains_paid_content":false,"footnotes":""},"categories":[2,4],"tags":[6,110,109],"class_list":["post-1269","post","type-post","status-publish","format-standard","has-post-thumbnail","hentry","category-informations","category-soutien","tag-carriere","tag-porte-ouverte","tag-visite"],"yoast_head":"<!-- This site is optimized with the Yoast SEO plugin v27.5 - https:\/\/yoast.com\/product\/yoast-seo-wordpress\/ -->\n<title>Une petite visite \u00e0 la carri\u00e8re de Ch\u00e2teaugay ce we ? (ou pas !)<\/title>\n<meta name=\"description\" content=\"Le samedi 18 septembre 2021 le public est invit\u00e9 pour une visite de la carri\u00e8re de Ch\u00e2teaugay. Allons plut\u00f4t voir le plateau pr\u00e9serv\u00e9 !\" \/>\n<meta name=\"robots\" content=\"index, follow, max-snippet:-1, max-image-preview:large, max-video-preview:-1\" \/>\n<link rel=\"canonical\" href=\"https:\/\/plateaulachaud.fr\/index.php\/2021\/09\/15\/une-petite-visite-a-la-carriere-de-chateaugay-ce-we-ou-pas\/\" \/>\n<meta property=\"og:locale\" content=\"fr_FR\" \/>\n<meta property=\"og:type\" content=\"article\" \/>\n<meta property=\"og:title\" content=\"Une petite visite \u00e0 la carri\u00e8re de Ch\u00e2teaugay ce we ? (ou pas !)\" \/>\n<meta property=\"og:description\" content=\"Le samedi 18 septembre 2021 le public est invit\u00e9 pour une visite de la carri\u00e8re de Ch\u00e2teaugay. Allons plut\u00f4t voir le plateau pr\u00e9serv\u00e9 !\" \/>\n<meta property=\"og:url\" content=\"https:\/\/plateaulachaud.fr\/index.php\/2021\/09\/15\/une-petite-visite-a-la-carriere-de-chateaugay-ce-we-ou-pas\/\" \/>\n<meta property=\"og:site_name\" content=\"Pr\u00e9servons le plateau de Lachaud et Ch\u00e2teaugay\" \/>\n<meta property=\"article:published_time\" content=\"2021-09-15T18:41:56+00:00\" \/>\n<meta property=\"article:modified_time\" content=\"2021-09-15T18:41:57+00:00\" \/>\n<meta property=\"og:image\" content=\"https:\/\/i0.wp.com\/plateaulachaud.fr\/wp-content\/uploads\/2021\/09\/Capture-decran-Visite-carriere.png?fit=644%2C442&ssl=1\" \/>\n\t<meta property=\"og:image:width\" content=\"644\" \/>\n\t<meta property=\"og:image:height\" content=\"442\" \/>\n\t<meta property=\"og:image:type\" content=\"image\/png\" \/>\n<meta name=\"author\" content=\"Plateau Lachaud Chateaugay\" \/>\n<meta name=\"twitter:card\" content=\"summary_large_image\" \/>\n<meta name=\"twitter:label1\" content=\"\u00c9crit par\" \/>\n\t<meta name=\"twitter:data1\" content=\"Plateau Lachaud Chateaugay\" \/>\n\t<meta name=\"twitter:label2\" content=\"Dur\u00e9e de lecture estim\u00e9e\" \/>\n\t<meta name=\"twitter:data2\" content=\"5 minutes\" \/>\n<script type=\"application\/ld+json\" class=\"yoast-schema-graph\">{\"@context\":\"https:\\\/\\\/schema.org\",\"@graph\":[{\"@type\":\"Article\",\"@id\":\"https:\\\/\\\/plateaulachaud.fr\\\/index.php\\\/2021\\\/09\\\/15\\\/une-petite-visite-a-la-carriere-de-chateaugay-ce-we-ou-pas\\\/#article\",\"isPartOf\":{\"@id\":\"https:\\\/\\\/plateaulachaud.fr\\\/index.php\\\/2021\\\/09\\\/15\\\/une-petite-visite-a-la-carriere-de-chateaugay-ce-we-ou-pas\\\/\"},\"author\":{\"name\":\"Plateau Lachaud Chateaugay\",\"@id\":\"https:\\\/\\\/plateaulachaud.fr\\\/#\\\/schema\\\/person\\\/013b3519bbc672f4c8b9fe394232c1b2\"},\"headline\":\"Une petite visite \u00e0 la carri\u00e8re de Ch\u00e2teaugay ce we ? (ou pas !)\",\"datePublished\":\"2021-09-15T18:41:56+00:00\",\"dateModified\":\"2021-09-15T18:41:57+00:00\",\"mainEntityOfPage\":{\"@id\":\"https:\\\/\\\/plateaulachaud.fr\\\/index.php\\\/2021\\\/09\\\/15\\\/une-petite-visite-a-la-carriere-de-chateaugay-ce-we-ou-pas\\\/\"},\"wordCount\":1224,\"publisher\":{\"@id\":\"https:\\\/\\\/plateaulachaud.fr\\\/#organization\"},\"image\":{\"@id\":\"https:\\\/\\\/plateaulachaud.fr\\\/index.php\\\/2021\\\/09\\\/15\\\/une-petite-visite-a-la-carriere-de-chateaugay-ce-we-ou-pas\\\/#primaryimage\"},\"thumbnailUrl\":\"https:\\\/\\\/i0.wp.com\\\/plateaulachaud.fr\\\/wp-content\\\/uploads\\\/2021\\\/09\\\/Capture-decran-Visite-carriere.png?fit=644%2C442&ssl=1\",\"keywords\":[\"carri\u00e8re\",\"porte-ouverte\",\"visite\"],\"articleSection\":[\"informations\",\"soutien\"],\"inLanguage\":\"fr-FR\"},{\"@type\":\"WebPage\",\"@id\":\"https:\\\/\\\/plateaulachaud.fr\\\/index.php\\\/2021\\\/09\\\/15\\\/une-petite-visite-a-la-carriere-de-chateaugay-ce-we-ou-pas\\\/\",\"url\":\"https:\\\/\\\/plateaulachaud.fr\\\/index.php\\\/2021\\\/09\\\/15\\\/une-petite-visite-a-la-carriere-de-chateaugay-ce-we-ou-pas\\\/\",\"name\":\"Une petite visite \u00e0 la carri\u00e8re de Ch\u00e2teaugay ce we ? (ou pas !)\",\"isPartOf\":{\"@id\":\"https:\\\/\\\/plateaulachaud.fr\\\/#website\"},\"primaryImageOfPage\":{\"@id\":\"https:\\\/\\\/plateaulachaud.fr\\\/index.php\\\/2021\\\/09\\\/15\\\/une-petite-visite-a-la-carriere-de-chateaugay-ce-we-ou-pas\\\/#primaryimage\"},\"image\":{\"@id\":\"https:\\\/\\\/plateaulachaud.fr\\\/index.php\\\/2021\\\/09\\\/15\\\/une-petite-visite-a-la-carriere-de-chateaugay-ce-we-ou-pas\\\/#primaryimage\"},\"thumbnailUrl\":\"https:\\\/\\\/i0.wp.com\\\/plateaulachaud.fr\\\/wp-content\\\/uploads\\\/2021\\\/09\\\/Capture-decran-Visite-carriere.png?fit=644%2C442&ssl=1\",\"datePublished\":\"2021-09-15T18:41:56+00:00\",\"dateModified\":\"2021-09-15T18:41:57+00:00\",\"description\":\"Le samedi 18 septembre 2021 le public est invit\u00e9 pour une visite de la carri\u00e8re de Ch\u00e2teaugay. Allons plut\u00f4t voir le plateau pr\u00e9serv\u00e9 !\",\"breadcrumb\":{\"@id\":\"https:\\\/\\\/plateaulachaud.fr\\\/index.php\\\/2021\\\/09\\\/15\\\/une-petite-visite-a-la-carriere-de-chateaugay-ce-we-ou-pas\\\/#breadcrumb\"},\"inLanguage\":\"fr-FR\",\"potentialAction\":[{\"@type\":\"ReadAction\",\"target\":[\"https:\\\/\\\/plateaulachaud.fr\\\/index.php\\\/2021\\\/09\\\/15\\\/une-petite-visite-a-la-carriere-de-chateaugay-ce-we-ou-pas\\\/\"]}]},{\"@type\":\"ImageObject\",\"inLanguage\":\"fr-FR\",\"@id\":\"https:\\\/\\\/plateaulachaud.fr\\\/index.php\\\/2021\\\/09\\\/15\\\/une-petite-visite-a-la-carriere-de-chateaugay-ce-we-ou-pas\\\/#primaryimage\",\"url\":\"https:\\\/\\\/i0.wp.com\\\/plateaulachaud.fr\\\/wp-content\\\/uploads\\\/2021\\\/09\\\/Capture-decran-Visite-carriere.png?fit=644%2C442&ssl=1\",\"contentUrl\":\"https:\\\/\\\/i0.wp.com\\\/plateaulachaud.fr\\\/wp-content\\\/uploads\\\/2021\\\/09\\\/Capture-decran-Visite-carriere.png?fit=644%2C442&ssl=1\",\"width\":644,\"height\":442,\"caption\":\"Itin\u00e9raire entre la mairie de Ch\u00e2teaugay et la carri\u00e8re - Google Maps\"},{\"@type\":\"BreadcrumbList\",\"@id\":\"https:\\\/\\\/plateaulachaud.fr\\\/index.php\\\/2021\\\/09\\\/15\\\/une-petite-visite-a-la-carriere-de-chateaugay-ce-we-ou-pas\\\/#breadcrumb\",\"itemListElement\":[{\"@type\":\"ListItem\",\"position\":1,\"name\":\"Accueil\",\"item\":\"https:\\\/\\\/plateaulachaud.fr\\\/\"},{\"@type\":\"ListItem\",\"position\":2,\"name\":\"Une petite visite \u00e0 la carri\u00e8re de Ch\u00e2teaugay ce we ? (ou pas !)\"}]},{\"@type\":\"WebSite\",\"@id\":\"https:\\\/\\\/plateaulachaud.fr\\\/#website\",\"url\":\"https:\\\/\\\/plateaulachaud.fr\\\/\",\"name\":\"Pr\u00e9servons le plateau de Lachaud et Ch\u00e2teaugay\",\"description\":\"Non \u00e0 une nouvelle carri\u00e8re.\",\"publisher\":{\"@id\":\"https:\\\/\\\/plateaulachaud.fr\\\/#organization\"},\"potentialAction\":[{\"@type\":\"SearchAction\",\"target\":{\"@type\":\"EntryPoint\",\"urlTemplate\":\"https:\\\/\\\/plateaulachaud.fr\\\/?s={search_term_string}\"},\"query-input\":{\"@type\":\"PropertyValueSpecification\",\"valueRequired\":true,\"valueName\":\"search_term_string\"}}],\"inLanguage\":\"fr-FR\"},{\"@type\":\"Organization\",\"@id\":\"https:\\\/\\\/plateaulachaud.fr\\\/#organization\",\"name\":\"Pr\u00e9servons le Plateau de Lachaud et Ch\u00e2teaugay\",\"url\":\"https:\\\/\\\/plateaulachaud.fr\\\/\",\"logo\":{\"@type\":\"ImageObject\",\"inLanguage\":\"fr-FR\",\"@id\":\"https:\\\/\\\/plateaulachaud.fr\\\/#\\\/schema\\\/logo\\\/image\\\/\",\"url\":\"https:\\\/\\\/i2.wp.com\\\/plateaulachaud.fr\\\/wp-content\\\/uploads\\\/2019\\\/09\\\/Plateau-arc-en-ciel-PANO.jpg?fit=6235%2C1606&ssl=1\",\"contentUrl\":\"https:\\\/\\\/i2.wp.com\\\/plateaulachaud.fr\\\/wp-content\\\/uploads\\\/2019\\\/09\\\/Plateau-arc-en-ciel-PANO.jpg?fit=6235%2C1606&ssl=1\",\"width\":6235,\"height\":1606,\"caption\":\"Pr\u00e9servons le Plateau de Lachaud et Ch\u00e2teaugay\"},\"image\":{\"@id\":\"https:\\\/\\\/plateaulachaud.fr\\\/#\\\/schema\\\/logo\\\/image\\\/\"}},{\"@type\":\"Person\",\"@id\":\"https:\\\/\\\/plateaulachaud.fr\\\/#\\\/schema\\\/person\\\/013b3519bbc672f4c8b9fe394232c1b2\",\"name\":\"Plateau Lachaud Chateaugay\",\"image\":{\"@type\":\"ImageObject\",\"inLanguage\":\"fr-FR\",\"@id\":\"https:\\\/\\\/secure.gravatar.com\\\/avatar\\\/bed4b70c9efab4b41409d924840dcfe309085d1c7dc8c0cf8c390f6538e41baa?s=96&d=mm&r=g\",\"url\":\"https:\\\/\\\/secure.gravatar.com\\\/avatar\\\/bed4b70c9efab4b41409d924840dcfe309085d1c7dc8c0cf8c390f6538e41baa?s=96&d=mm&r=g\",\"contentUrl\":\"https:\\\/\\\/secure.gravatar.com\\\/avatar\\\/bed4b70c9efab4b41409d924840dcfe309085d1c7dc8c0cf8c390f6538e41baa?s=96&d=mm&r=g\",\"caption\":\"Plateau Lachaud Chateaugay\"}}]}<\/script>\n<!-- \/ Yoast SEO plugin. -->","yoast_head_json":{"title":"Une petite visite \u00e0 la carri\u00e8re de Ch\u00e2teaugay ce we ? (ou pas !)","description":"Le samedi 18 septembre 2021 le public est invit\u00e9 pour une visite de la carri\u00e8re de Ch\u00e2teaugay. Allons plut\u00f4t voir le plateau pr\u00e9serv\u00e9 !","robots":{"index":"index","follow":"follow","max-snippet":"max-snippet:-1","max-image-preview":"max-image-preview:large","max-video-preview":"max-video-preview:-1"},"canonical":"https:\/\/plateaulachaud.fr\/index.php\/2021\/09\/15\/une-petite-visite-a-la-carriere-de-chateaugay-ce-we-ou-pas\/","og_locale":"fr_FR","og_type":"article","og_title":"Une petite visite \u00e0 la carri\u00e8re de Ch\u00e2teaugay ce we ? (ou pas !)","og_description":"Le samedi 18 septembre 2021 le public est invit\u00e9 pour une visite de la carri\u00e8re de Ch\u00e2teaugay. Allons plut\u00f4t voir le plateau pr\u00e9serv\u00e9 !","og_url":"https:\/\/plateaulachaud.fr\/index.php\/2021\/09\/15\/une-petite-visite-a-la-carriere-de-chateaugay-ce-we-ou-pas\/","og_site_name":"Pr\u00e9servons le plateau de Lachaud et Ch\u00e2teaugay","article_published_time":"2021-09-15T18:41:56+00:00","article_modified_time":"2021-09-15T18:41:57+00:00","og_image":[{"width":644,"height":442,"url":"https:\/\/i0.wp.com\/plateaulachaud.fr\/wp-content\/uploads\/2021\/09\/Capture-decran-Visite-carriere.png?fit=644%2C442&ssl=1","type":"image\/png"}],"author":"Plateau Lachaud Chateaugay","twitter_card":"summary_large_image","twitter_misc":{"\u00c9crit par":"Plateau Lachaud Chateaugay","Dur\u00e9e de lecture estim\u00e9e":"5 minutes"},"schema":{"@context":"https:\/\/schema.org","@graph":[{"@type":"Article","@id":"https:\/\/plateaulachaud.fr\/index.php\/2021\/09\/15\/une-petite-visite-a-la-carriere-de-chateaugay-ce-we-ou-pas\/#article","isPartOf":{"@id":"https:\/\/plateaulachaud.fr\/index.php\/2021\/09\/15\/une-petite-visite-a-la-carriere-de-chateaugay-ce-we-ou-pas\/"},"author":{"name":"Plateau Lachaud Chateaugay","@id":"https:\/\/plateaulachaud.fr\/#\/schema\/person\/013b3519bbc672f4c8b9fe394232c1b2"},"headline":"Une petite visite \u00e0 la carri\u00e8re de Ch\u00e2teaugay ce we ? (ou pas !)","datePublished":"2021-09-15T18:41:56+00:00","dateModified":"2021-09-15T18:41:57+00:00","mainEntityOfPage":{"@id":"https:\/\/plateaulachaud.fr\/index.php\/2021\/09\/15\/une-petite-visite-a-la-carriere-de-chateaugay-ce-we-ou-pas\/"},"wordCount":1224,"publisher":{"@id":"https:\/\/plateaulachaud.fr\/#organization"},"image":{"@id":"https:\/\/plateaulachaud.fr\/index.php\/2021\/09\/15\/une-petite-visite-a-la-carriere-de-chateaugay-ce-we-ou-pas\/#primaryimage"},"thumbnailUrl":"https:\/\/i0.wp.com\/plateaulachaud.fr\/wp-content\/uploads\/2021\/09\/Capture-decran-Visite-carriere.png?fit=644%2C442&ssl=1","keywords":["carri\u00e8re","porte-ouverte","visite"],"articleSection":["informations","soutien"],"inLanguage":"fr-FR"},{"@type":"WebPage","@id":"https:\/\/plateaulachaud.fr\/index.php\/2021\/09\/15\/une-petite-visite-a-la-carriere-de-chateaugay-ce-we-ou-pas\/","url":"https:\/\/plateaulachaud.fr\/index.php\/2021\/09\/15\/une-petite-visite-a-la-carriere-de-chateaugay-ce-we-ou-pas\/","name":"Une petite visite \u00e0 la carri\u00e8re de Ch\u00e2teaugay ce we ? (ou pas !)","isPartOf":{"@id":"https:\/\/plateaulachaud.fr\/#website"},"primaryImageOfPage":{"@id":"https:\/\/plateaulachaud.fr\/index.php\/2021\/09\/15\/une-petite-visite-a-la-carriere-de-chateaugay-ce-we-ou-pas\/#primaryimage"},"image":{"@id":"https:\/\/plateaulachaud.fr\/index.php\/2021\/09\/15\/une-petite-visite-a-la-carriere-de-chateaugay-ce-we-ou-pas\/#primaryimage"},"thumbnailUrl":"https:\/\/i0.wp.com\/plateaulachaud.fr\/wp-content\/uploads\/2021\/09\/Capture-decran-Visite-carriere.png?fit=644%2C442&ssl=1","datePublished":"2021-09-15T18:41:56+00:00","dateModified":"2021-09-15T18:41:57+00:00","description":"Le samedi 18 septembre 2021 le public est invit\u00e9 pour une visite de la carri\u00e8re de Ch\u00e2teaugay. Allons plut\u00f4t voir le plateau pr\u00e9serv\u00e9 !","breadcrumb":{"@id":"https:\/\/plateaulachaud.fr\/index.php\/2021\/09\/15\/une-petite-visite-a-la-carriere-de-chateaugay-ce-we-ou-pas\/#breadcrumb"},"inLanguage":"fr-FR","potentialAction":[{"@type":"ReadAction","target":["https:\/\/plateaulachaud.fr\/index.php\/2021\/09\/15\/une-petite-visite-a-la-carriere-de-chateaugay-ce-we-ou-pas\/"]}]},{"@type":"ImageObject","inLanguage":"fr-FR","@id":"https:\/\/plateaulachaud.fr\/index.php\/2021\/09\/15\/une-petite-visite-a-la-carriere-de-chateaugay-ce-we-ou-pas\/#primaryimage","url":"https:\/\/i0.wp.com\/plateaulachaud.fr\/wp-content\/uploads\/2021\/09\/Capture-decran-Visite-carriere.png?fit=644%2C442&ssl=1","contentUrl":"https:\/\/i0.wp.com\/plateaulachaud.fr\/wp-content\/uploads\/2021\/09\/Capture-decran-Visite-carriere.png?fit=644%2C442&ssl=1","width":644,"height":442,"caption":"Itin\u00e9raire entre la mairie de Ch\u00e2teaugay et la carri\u00e8re - Google Maps"},{"@type":"BreadcrumbList","@id":"https:\/\/plateaulachaud.fr\/index.php\/2021\/09\/15\/une-petite-visite-a-la-carriere-de-chateaugay-ce-we-ou-pas\/#breadcrumb","itemListElement":[{"@type":"ListItem","position":1,"name":"Accueil","item":"https:\/\/plateaulachaud.fr\/"},{"@type":"ListItem","position":2,"name":"Une petite visite \u00e0 la carri\u00e8re de Ch\u00e2teaugay ce we ? (ou pas !)"}]},{"@type":"WebSite","@id":"https:\/\/plateaulachaud.fr\/#website","url":"https:\/\/plateaulachaud.fr\/","name":"Pr\u00e9servons le plateau de Lachaud et Ch\u00e2teaugay","description":"Non \u00e0 une nouvelle carri\u00e8re.","publisher":{"@id":"https:\/\/plateaulachaud.fr\/#organization"},"potentialAction":[{"@type":"SearchAction","target":{"@type":"EntryPoint","urlTemplate":"https:\/\/plateaulachaud.fr\/?s={search_term_string}"},"query-input":{"@type":"PropertyValueSpecification","valueRequired":true,"valueName":"search_term_string"}}],"inLanguage":"fr-FR"},{"@type":"Organization","@id":"https:\/\/plateaulachaud.fr\/#organization","name":"Pr\u00e9servons le Plateau de Lachaud et Ch\u00e2teaugay","url":"https:\/\/plateaulachaud.fr\/","logo":{"@type":"ImageObject","inLanguage":"fr-FR","@id":"https:\/\/plateaulachaud.fr\/#\/schema\/logo\/image\/","url":"https:\/\/i2.wp.com\/plateaulachaud.fr\/wp-content\/uploads\/2019\/09\/Plateau-arc-en-ciel-PANO.jpg?fit=6235%2C1606&ssl=1","contentUrl":"https:\/\/i2.wp.com\/plateaulachaud.fr\/wp-content\/uploads\/2019\/09\/Plateau-arc-en-ciel-PANO.jpg?fit=6235%2C1606&ssl=1","width":6235,"height":1606,"caption":"Pr\u00e9servons le Plateau de Lachaud et Ch\u00e2teaugay"},"image":{"@id":"https:\/\/plateaulachaud.fr\/#\/schema\/logo\/image\/"}},{"@type":"Person","@id":"https:\/\/plateaulachaud.fr\/#\/schema\/person\/013b3519bbc672f4c8b9fe394232c1b2","name":"Plateau Lachaud Chateaugay","image":{"@type":"ImageObject","inLanguage":"fr-FR","@id":"https:\/\/secure.gravatar.com\/avatar\/bed4b70c9efab4b41409d924840dcfe309085d1c7dc8c0cf8c390f6538e41baa?s=96&d=mm&r=g","url":"https:\/\/secure.gravatar.com\/avatar\/bed4b70c9efab4b41409d924840dcfe309085d1c7dc8c0cf8c390f6538e41baa?s=96&d=mm&r=g","contentUrl":"https:\/\/secure.gravatar.com\/avatar\/bed4b70c9efab4b41409d924840dcfe309085d1c7dc8c0cf8c390f6538e41baa?s=96&d=mm&r=g","caption":"Plateau Lachaud Chateaugay"}}]}},"jetpack_featured_media_url":"https:\/\/i0.wp.com\/plateaulachaud.fr\/wp-content\/uploads\/2021\/09\/Capture-decran-Visite-carriere.png?fit=644%2C442&ssl=1","jetpack_sharing_enabled":true,"_links":{"self":[{"href":"https:\/\/plateaulachaud.fr\/index.php\/wp-json\/wp\/v2\/posts\/1269","targetHints":{"allow":["GET"]}}],"collection":[{"href":"https:\/\/plateaulachaud.fr\/index.php\/wp-json\/wp\/v2\/posts"}],"about":[{"href":"https:\/\/plateaulachaud.fr\/index.php\/wp-json\/wp\/v2\/types\/post"}],"author":[{"embeddable":true,"href":"https:\/\/plateaulachaud.fr\/index.php\/wp-json\/wp\/v2\/users\/1"}],"replies":[{"embeddable":true,"href":"https:\/\/plateaulachaud.fr\/index.php\/wp-json\/wp\/v2\/comments?post=1269"}],"version-history":[{"count":11,"href":"https:\/\/plateaulachaud.fr\/index.php\/wp-json\/wp\/v2\/posts\/1269\/revisions"}],"predecessor-version":[{"id":1282,"href":"https:\/\/plateaulachaud.fr\/index.php\/wp-json\/wp\/v2\/posts\/1269\/revisions\/1282"}],"wp:featuredmedia":[{"embeddable":true,"href":"https:\/\/plateaulachaud.fr\/index.php\/wp-json\/wp\/v2\/media\/1270"}],"wp:attachment":[{"href":"https:\/\/plateaulachaud.fr\/index.php\/wp-json\/wp\/v2\/media?parent=1269"}],"wp:term":[{"taxonomy":"category","embeddable":true,"href":"https:\/\/plateaulachaud.fr\/index.php\/wp-json\/wp\/v2\/categories?post=1269"},{"taxonomy":"post_tag","embeddable":true,"href":"https:\/\/plateaulachaud.fr\/index.php\/wp-json\/wp\/v2\/tags?post=1269"}],"curies":[{"name":"wp","href":"https:\/\/api.w.org\/{rel}","templated":true}]}}